{"id":29730,"date":"2020-04-29T16:10:17","date_gmt":"2020-04-29T14:10:17","guid":{"rendered":"https:\/\/euwps02.newsmemory.com\/ilmercoledi\/news\/?p=29730"},"modified":"2020-04-29T16:10:24","modified_gmt":"2020-04-29T14:10:24","slug":"fase-2-documento-inail-per-le-misure-di-contenimento-nei-luoghi-di-lavoro","status":"publish","type":"post","link":"https:\/\/www.ilmercoledi.news\/2020\/04\/29\/fase-2-documento-inail-per-le-misure-di-contenimento-nei-luoghi-di-lavoro\/","title":{"rendered":"FASE 2 &#8211; Documento Inail per le misure di contenimento nei luoghi di lavoro"},"content":{"rendered":"<p>In vista delle riaperture previste per il prossimo 4 maggio, l&#8217; Inail\u00a0(Istituto Nazionale per l&#8217;Assicurazione contro gli Infortuni sul Lavoro) ha pubblicato il documento tecnico sulla Fase 2\u00a0con le misure di contenimento\u00a0e prevenzione\u00a0nei luoghi di lavoro.<\/p>\n<p>La pubblicazione, approvata dal Comitato Tecnico Scientifico\u00a0istituito presso la Protezione Civile, sottolinea che vanno mappate tutte le attivit\u00e0, prevedendo di norma, per tutti i lavoratori che condividono degli spazi comuni, l&#8217;utilizzo di una\u00a0#mascherina\u00a0chirurgica. Quest&#8217;ultima \u00e8 raccomandata in ogni caso anche all&#8217;interno dei mezzi pubblici\u00a0oltre al distanziamento sociale.<\/p>\n<p>Il documento ha preso in considerazione i seguenti parametri:<\/p>\n<p>L&#8217; esposizione, cio\u00e8 la probabilit\u00e0 di venire in contatto con fonti di contagio nello svolgimento delle specifiche attivit\u00e0 lavorative.<\/p>\n<p>La prossimit\u00e0, ovvero le caratteristiche intrinseche di svolgimento del lavoro che non permettono un sufficiente distanziamento sociale per parte del tempo di lavoro o per la quasi totalit\u00e0.<\/p>\n<p>L&#8217; aggregazione, ossia la tipologia di lavoro che prevede il contatto con altri soggetti oltre ai lavoratori dell\u2019azienda.<\/p>\n<p>In base ha queste variabili, il rischio di contagio\u00a0\u00e8 stato stimato quindi in basso, medio basso, medio, medio alto ed alto.<\/p>\n","protected":false},"excerpt":{"rendered":"","protected":false},"author":11,"featured_media":8255,"comment_status":"open","ping_status":"closed","sticky":false,"template":"","format":"standard","meta":[],"categories":[34],"tags":[],"news-destination":[],"news-source":[],"is_homepage":[],"ta_other":[],"_links":{"self":[{"href":"https:\/\/www.ilmercoledi.news\/ilmercoledi\/news\/wp-json\/wp\/v2\/posts\/29730"}],"collection":[{"href":"https:\/\/www.ilmercoledi.news\/ilmercoledi\/news\/wp-json\/wp\/v2\/posts"}],"about":[{"href":"https:\/\/www.ilmercoledi.news\/ilmercoledi\/news\/wp-json\/wp\/v2\/types\/post"}],"author":[{"embeddable":true,"href":"https:\/\/www.ilmercoledi.news\/ilmercoledi\/news\/wp-json\/wp\/v2\/users\/11"}],"replies":[{"embeddable":true,"href":"https:\/\/www.ilmercoledi.news\/ilmercoledi\/news\/wp-json\/wp\/v2\/comments?post=29730"}],"version-history":[{"count":1,"href":"https:\/\/www.ilmercoledi.news\/ilmercoledi\/news\/wp-json\/wp\/v2\/posts\/29730\/revisions"}],"predecessor-version":[{"id":29731,"href":"https:\/\/www.ilmercoledi.news\/ilmercoledi\/news\/wp-json\/wp\/v2\/posts\/29730\/revisions\/29731"}],"wp:featuredmedia":[{"embeddable":true,"href":"https:\/\/www.ilmercoledi.news\/ilmercoledi\/news\/wp-json\/wp\/v2\/media\/8255"}],"wp:attachment":[{"href":"https:\/\/www.ilmercoledi.news\/ilmercoledi\/news\/wp-json\/wp\/v2\/media?parent=29730"}],"wp:term":[{"taxonomy":"category","embeddable":true,"href":"https:\/\/www.ilmercoledi.news\/ilmercoledi\/news\/wp-json\/wp\/v2\/categories?post=29730"},{"taxonomy":"post_tag","embeddable":true,"href":"https:\/\/www.ilmercoledi.news\/ilmercoledi\/news\/wp-json\/wp\/v2\/tags?post=29730"},{"taxonomy":"news-destination","embeddable":true,"href":"https:\/\/www.ilmercoledi.news\/ilmercoledi\/news\/wp-json\/wp\/v2\/news-destination?post=29730"},{"taxonomy":"news-source","embeddable":true,"href":"https:\/\/www.ilmercoledi.news\/ilmercoledi\/news\/wp-json\/wp\/v2\/news-source?post=29730"},{"taxonomy":"is_homepage","embeddable":true,"href":"https:\/\/www.ilmercoledi.news\/ilmercoledi\/news\/wp-json\/wp\/v2\/is_homepage?post=29730"},{"taxonomy":"ta_other","embeddable":true,"href":"https:\/\/www.ilmercoledi.news\/ilmercoledi\/news\/wp-json\/wp\/v2\/ta_other?post=29730"}],"curies":[{"name":"wp","href":"https:\/\/api.w.org\/{rel}","templated":true}]}}