{"id":29838,"date":"2020-05-05T07:38:30","date_gmt":"2020-05-05T05:38:30","guid":{"rendered":"https:\/\/euwps02.newsmemory.com\/ilmercoledi\/news\/?p=29838"},"modified":"2020-05-05T07:38:35","modified_gmt":"2020-05-05T05:38:35","slug":"moncalieri-minaccia-di-uccidere-i-medici-del-santa-croce-perche-non-gli-hanno-dato-linvalidita","status":"publish","type":"post","link":"https:\/\/www.ilmercoledi.news\/2020\/05\/05\/moncalieri-minaccia-di-uccidere-i-medici-del-santa-croce-perche-non-gli-hanno-dato-linvalidita\/","title":{"rendered":"MONCALIERI &#8211; Minaccia di uccidere i medici del Santa Croce perch\u00e8 non gli hanno dato l&#8217;invalidit\u00e0"},"content":{"rendered":"<p>&#8220;Non mi avete dato l&#8217;invalidit\u00e0, vengo l\u00ec e vi ammazzo tutti. Vi butto dell&#8217;acido in faccia&#8221; Un video social di un uomo ha agitato gli operatori sanitari del Santa Croce nel pomeriggio di domenica. Secondo l&#8217;uomo, infermieri e medici dell&#8217;ospedale non gli avevano dato la possibilit\u00e0 di accedere alla percentuale di invalidit\u00e0 che lui riteneva giusta. Una situazione che non \u00e8 stata presa sottogamba, tanto che qualcuno ha chiamato i carabinieri dopo aver visto il videomessaggio. La pattuglia ha cos\u00ec controllato il nosocomio lungo tutto l&#8217;arco della giornata, per evitare sgradite sorprese. L&#8217;uomo non si \u00e8 fatto vedere, per fortuna. Al momento non \u00e8 stata sporta nessuna denuncia.<\/p>\n","protected":false},"excerpt":{"rendered":"","protected":false},"author":11,"featured_media":1009,"comment_status":"open","ping_status":"closed","sticky":false,"template":"","format":"standard","meta":[],"categories":[34],"tags":[],"news-destination":[],"news-source":[],"is_homepage":[],"ta_other":[],"_links":{"self":[{"href":"https:\/\/www.ilmercoledi.news\/ilmercoledi\/news\/wp-json\/wp\/v2\/posts\/29838"}],"collection":[{"href":"https:\/\/www.ilmercoledi.news\/ilmercoledi\/news\/wp-json\/wp\/v2\/posts"}],"about":[{"href":"https:\/\/www.ilmercoledi.news\/ilmercoledi\/news\/wp-json\/wp\/v2\/types\/post"}],"author":[{"embeddable":true,"href":"https:\/\/www.ilmercoledi.news\/ilmercoledi\/news\/wp-json\/wp\/v2\/users\/11"}],"replies":[{"embeddable":true,"href":"https:\/\/www.ilmercoledi.news\/ilmercoledi\/news\/wp-json\/wp\/v2\/comments?post=29838"}],"version-history":[{"count":1,"href":"https:\/\/www.ilmercoledi.news\/ilmercoledi\/news\/wp-json\/wp\/v2\/posts\/29838\/revisions"}],"predecessor-version":[{"id":29839,"href":"https:\/\/www.ilmercoledi.news\/ilmercoledi\/news\/wp-json\/wp\/v2\/posts\/29838\/revisions\/29839"}],"wp:featuredmedia":[{"embeddable":true,"href":"https:\/\/www.ilmercoledi.news\/ilmercoledi\/news\/wp-json\/wp\/v2\/media\/1009"}],"wp:attachment":[{"href":"https:\/\/www.ilmercoledi.news\/ilmercoledi\/news\/wp-json\/wp\/v2\/media?parent=29838"}],"wp:term":[{"taxonomy":"category","embeddable":true,"href":"https:\/\/www.ilmercoledi.news\/ilmercoledi\/news\/wp-json\/wp\/v2\/categories?post=29838"},{"taxonomy":"post_tag","embeddable":true,"href":"https:\/\/www.ilmercoledi.news\/ilmercoledi\/news\/wp-json\/wp\/v2\/tags?post=29838"},{"taxonomy":"news-destination","embeddable":true,"href":"https:\/\/www.ilmercoledi.news\/ilmercoledi\/news\/wp-json\/wp\/v2\/news-destination?post=29838"},{"taxonomy":"news-source","embeddable":true,"href":"https:\/\/www.ilmercoledi.news\/ilmercoledi\/news\/wp-json\/wp\/v2\/news-source?post=29838"},{"taxonomy":"is_homepage","embeddable":true,"href":"https:\/\/www.ilmercoledi.news\/ilmercoledi\/news\/wp-json\/wp\/v2\/is_homepage?post=29838"},{"taxonomy":"ta_other","embeddable":true,"href":"https:\/\/www.ilmercoledi.news\/ilmercoledi\/news\/wp-json\/wp\/v2\/ta_other?post=29838"}],"curies":[{"name":"wp","href":"https:\/\/api.w.org\/{rel}","templated":true}]}}