{"id":30282,"date":"2020-05-19T15:29:47","date_gmt":"2020-05-19T13:29:47","guid":{"rendered":"https:\/\/euwps02.newsmemory.com\/ilmercoledi\/news\/?p=30282"},"modified":"2020-05-19T15:30:54","modified_gmt":"2020-05-19T13:30:54","slug":"virus-cassa-depositi-e-prestiti-dona-mascherini-ai-carabinieri-del-piemonte","status":"publish","type":"post","link":"https:\/\/www.ilmercoledi.news\/2020\/05\/19\/virus-cassa-depositi-e-prestiti-dona-mascherini-ai-carabinieri-del-piemonte\/","title":{"rendered":"VIRUS &#8211; Cassa depositi e prestiti dona mascherini ai carabinieri del Piemonte"},"content":{"rendered":"<p>Il Gruppo Cassa Depositi e Prestiti sostiene l\u2019attivit\u00e0 di chi ogni giorno \u00e8 impegnato nella difficile battaglia contro il contagio da Covid-19\u00a0e mette in campo iniziative concrete a supporto del\u00a0sistema sanitario e della Protezione Civile per far fronte all\u2019emergenza nazionale.\u00a0In particolare, CDP ha acquistato e donato 2 milioni di mascherine chirurgiche\u00a0all&#8217;Arma dei Carabinieri per i propri militari impiegati nelle attivit\u00e0 di vigilanza e controllo sul territorio nazionale. Un impegno tangibile per garantire alle donne e agli uomini dell\u2019Arma di operare in sicurezza a tutela dei cittadini.\u00a0 La consegna \u00e8 avvenuta oggi a Roma, presso il Comando Generale dell\u2019Arma dei Carabinieri, alla presenza del\u00a0Comandante Generale dell\u2019Arma dei Carabinieri, Gen. C.A. Giovanni Nistri e dell\u2019Amministratore delegato di CDP, Fabrizio Palermo.\u00a0 Nelle scorse settimane un primo lotto \u00e8 gi\u00e0 stato distribuito ai militari delle Regioni del Nord pi\u00f9 colpite dall\u2019emergenza: tra cui il Piemonte<\/p>\n","protected":false},"excerpt":{"rendered":"","protected":false},"author":11,"featured_media":4609,"comment_status":"open","ping_status":"closed","sticky":false,"template":"","format":"standard","meta":[],"categories":[34],"tags":[],"news-destination":[],"news-source":[],"is_homepage":[],"ta_other":[],"_links":{"self":[{"href":"https:\/\/www.ilmercoledi.news\/ilmercoledi\/news\/wp-json\/wp\/v2\/posts\/30282"}],"collection":[{"href":"https:\/\/www.ilmercoledi.news\/ilmercoledi\/news\/wp-json\/wp\/v2\/posts"}],"about":[{"href":"https:\/\/www.ilmercoledi.news\/ilmercoledi\/news\/wp-json\/wp\/v2\/types\/post"}],"author":[{"embeddable":true,"href":"https:\/\/www.ilmercoledi.news\/ilmercoledi\/news\/wp-json\/wp\/v2\/users\/11"}],"replies":[{"embeddable":true,"href":"https:\/\/www.ilmercoledi.news\/ilmercoledi\/news\/wp-json\/wp\/v2\/comments?post=30282"}],"version-history":[{"count":1,"href":"https:\/\/www.ilmercoledi.news\/ilmercoledi\/news\/wp-json\/wp\/v2\/posts\/30282\/revisions"}],"predecessor-version":[{"id":30283,"href":"https:\/\/www.ilmercoledi.news\/ilmercoledi\/news\/wp-json\/wp\/v2\/posts\/30282\/revisions\/30283"}],"wp:featuredmedia":[{"embeddable":true,"href":"https:\/\/www.ilmercoledi.news\/ilmercoledi\/news\/wp-json\/wp\/v2\/media\/4609"}],"wp:attachment":[{"href":"https:\/\/www.ilmercoledi.news\/ilmercoledi\/news\/wp-json\/wp\/v2\/media?parent=30282"}],"wp:term":[{"taxonomy":"category","embeddable":true,"href":"https:\/\/www.ilmercoledi.news\/ilmercoledi\/news\/wp-json\/wp\/v2\/categories?post=30282"},{"taxonomy":"post_tag","embeddable":true,"href":"https:\/\/www.ilmercoledi.news\/ilmercoledi\/news\/wp-json\/wp\/v2\/tags?post=30282"},{"taxonomy":"news-destination","embeddable":true,"href":"https:\/\/www.ilmercoledi.news\/ilmercoledi\/news\/wp-json\/wp\/v2\/news-destination?post=30282"},{"taxonomy":"news-source","embeddable":true,"href":"https:\/\/www.ilmercoledi.news\/ilmercoledi\/news\/wp-json\/wp\/v2\/news-source?post=30282"},{"taxonomy":"is_homepage","embeddable":true,"href":"https:\/\/www.ilmercoledi.news\/ilmercoledi\/news\/wp-json\/wp\/v2\/is_homepage?post=30282"},{"taxonomy":"ta_other","embeddable":true,"href":"https:\/\/www.ilmercoledi.news\/ilmercoledi\/news\/wp-json\/wp\/v2\/ta_other?post=30282"}],"curies":[{"name":"wp","href":"https:\/\/api.w.org\/{rel}","templated":true}]}}