{"id":30328,"date":"2020-05-20T16:07:17","date_gmt":"2020-05-20T14:07:17","guid":{"rendered":"https:\/\/euwps02.newsmemory.com\/ilmercoledi\/news\/?p=30328"},"modified":"2020-05-20T16:07:21","modified_gmt":"2020-05-20T14:07:21","slug":"lavoro-riparte-il-progetto-per-i-giovani-a-moncalieri-e-nichelino","status":"publish","type":"post","link":"https:\/\/www.ilmercoledi.news\/2020\/05\/20\/lavoro-riparte-il-progetto-per-i-giovani-a-moncalieri-e-nichelino\/","title":{"rendered":"LAVORO &#8211; Riparte il progetto per i giovani a Moncalieri e Nichelino"},"content":{"rendered":"<p>Dopo i mesi di pausa forzata dovuta all\u2019emergenza sanitaria il progetto Giovani al Lavoro 4.0 si ripensa e riparte con energia e vitalit\u00e0 rinnovate, utilizzando al massimo la metodologia della didattica a distanza . Finanziato dalla Regione Piemonte nell\u2019ambito del Bando di Innovazione Sociale per il Terzo Settore We Ca Re , il progetto \u00e8 pensato per fornire un supporto alla ricerca attiva lavoro per i giovani tra i 16 e i 35 anni che non lavorano n\u00e9 studiano e sono residenti del territorio di Moncalieri, Nichelino e zone limitrofe . Grazie ad un percorso innovativo di ricerca attiva del lavoro attraverso un uso mirato delle nuove tecnologie e, dunque, abbinando al sostegno di tutor esperti, un\u2019autoformazione guidata con piattaforma di e-learning e la fruizione mirata di moduli formativi altamente specifici pensati per massimizzare l\u2019efficacia della ricerca attiva, i giovani potranno migliorare la propria competenza in merito alle richieste pi\u00f9 attuali del mondo del mondo del lavoro e sperimentare le modalit\u00e0 migliori per accostarvisi. Facendo di necessit\u00e0 virt\u00f9, Giovani al Lavoro 4.0 riparte riorganizzando anche le attivit\u00e0 formative inizialmente previste \u201cin presenza\u201d, in favore di una fruizione online, preservando l\u2019integrit\u00e0 dei contenuti da trasmettere ed offrendo la possibilit\u00e0 di sperimentare la modalit\u00e0 di lavoro a distanza che, in questi mesi, \u00e8 entrata cos\u00ec prepotentemente a far parte della vita dei lavoratori e degli studenti di tutto il mondo. \u201c Le Citt\u00e0 di Moncalieri e Nichelino, che hanno creduto fin da subito in questo progetto, sono certe che Giovani 4.0 potr\u00e0 servire da volano nella ripartenza di questa fase 2 che deve necessariamente riportare nuova linfa e semi di speranza sui nostri territori\u201d \u2013 affermano Paolo Montagna, Sindaco della Citt\u00e0 di Moncalieri e Giampiero Tolardo Sindaco della Citt\u00e0 di Nichelino \u2013 Inoltre, ripartire dai giovani significa davvero investire sul futuro e dare ai nostri territori nuove importanti chance, con le quali lasciarci alle spalle il periodo difficile che stiamo con fatica superando, grazie all\u2019impegno di tutti\u201d.<\/p>\n","protected":false},"excerpt":{"rendered":"","protected":false},"author":11,"featured_media":9019,"comment_status":"open","ping_status":"closed","sticky":false,"template":"","format":"standard","meta":[],"categories":[34],"tags":[],"news-destination":[],"news-source":[],"is_homepage":[],"ta_other":[],"_links":{"self":[{"href":"https:\/\/www.ilmercoledi.news\/ilmercoledi\/news\/wp-json\/wp\/v2\/posts\/30328"}],"collection":[{"href":"https:\/\/www.ilmercoledi.news\/ilmercoledi\/news\/wp-json\/wp\/v2\/posts"}],"about":[{"href":"https:\/\/www.ilmercoledi.news\/ilmercoledi\/news\/wp-json\/wp\/v2\/types\/post"}],"author":[{"embeddable":true,"href":"https:\/\/www.ilmercoledi.news\/ilmercoledi\/news\/wp-json\/wp\/v2\/users\/11"}],"replies":[{"embeddable":true,"href":"https:\/\/www.ilmercoledi.news\/ilmercoledi\/news\/wp-json\/wp\/v2\/comments?post=30328"}],"version-history":[{"count":1,"href":"https:\/\/www.ilmercoledi.news\/ilmercoledi\/news\/wp-json\/wp\/v2\/posts\/30328\/revisions"}],"predecessor-version":[{"id":30329,"href":"https:\/\/www.ilmercoledi.news\/ilmercoledi\/news\/wp-json\/wp\/v2\/posts\/30328\/revisions\/30329"}],"wp:featuredmedia":[{"embeddable":true,"href":"https:\/\/www.ilmercoledi.news\/ilmercoledi\/news\/wp-json\/wp\/v2\/media\/9019"}],"wp:attachment":[{"href":"https:\/\/www.ilmercoledi.news\/ilmercoledi\/news\/wp-json\/wp\/v2\/media?parent=30328"}],"wp:term":[{"taxonomy":"category","embeddable":true,"href":"https:\/\/www.ilmercoledi.news\/ilmercoledi\/news\/wp-json\/wp\/v2\/categories?post=30328"},{"taxonomy":"post_tag","embeddable":true,"href":"https:\/\/www.ilmercoledi.news\/ilmercoledi\/news\/wp-json\/wp\/v2\/tags?post=30328"},{"taxonomy":"news-destination","embeddable":true,"href":"https:\/\/www.ilmercoledi.news\/ilmercoledi\/news\/wp-json\/wp\/v2\/news-destination?post=30328"},{"taxonomy":"news-source","embeddable":true,"href":"https:\/\/www.ilmercoledi.news\/ilmercoledi\/news\/wp-json\/wp\/v2\/news-source?post=30328"},{"taxonomy":"is_homepage","embeddable":true,"href":"https:\/\/www.ilmercoledi.news\/ilmercoledi\/news\/wp-json\/wp\/v2\/is_homepage?post=30328"},{"taxonomy":"ta_other","embeddable":true,"href":"https:\/\/www.ilmercoledi.news\/ilmercoledi\/news\/wp-json\/wp\/v2\/ta_other?post=30328"}],"curies":[{"name":"wp","href":"https:\/\/api.w.org\/{rel}","templated":true}]}}