{"id":30495,"date":"2020-05-26T14:52:49","date_gmt":"2020-05-26T12:52:49","guid":{"rendered":"https:\/\/euwps02.newsmemory.com\/ilmercoledi\/news\/?p=30495"},"modified":"2020-05-26T14:52:54","modified_gmt":"2020-05-26T12:52:54","slug":"nichelino-richiuse-le-aree-giochi-bimbi-dopo-24-ore-dalla-riapertura","status":"publish","type":"post","link":"https:\/\/www.ilmercoledi.news\/2020\/05\/26\/nichelino-richiuse-le-aree-giochi-bimbi-dopo-24-ore-dalla-riapertura\/","title":{"rendered":"NICHELINO &#8211; Richiuse le aree giochi bimbi dopo 24 ore dalla riapertura"},"content":{"rendered":"<p>Il Comune di Nichelino ha provato a vedere cosa poteva succedere e ha fatto rapidamente marcia indietro. Le aree giochi per bimbi restano chiuse: troppi assembramenti, complice il bel tempo, scarso uso di mascherine e soprattutto resta molto complicato sanificare con continuit\u00e0 scivoli, altalene e tutto quello che attrae i pi\u00f9 piccoli. Cos\u00ec il sindaco ha emanato una nuova ordinanza che cancella quella di ier, vietando l&#8217;uso degli spazi dedicati ai bimbi all&#8217;interno dei giardini.<\/p>\n","protected":false},"excerpt":{"rendered":"","protected":false},"author":11,"featured_media":25147,"comment_status":"open","ping_status":"closed","sticky":false,"template":"","format":"standard","meta":[],"categories":[34],"tags":[],"news-destination":[],"news-source":[],"is_homepage":[],"ta_other":[],"_links":{"self":[{"href":"https:\/\/www.ilmercoledi.news\/ilmercoledi\/news\/wp-json\/wp\/v2\/posts\/30495"}],"collection":[{"href":"https:\/\/www.ilmercoledi.news\/ilmercoledi\/news\/wp-json\/wp\/v2\/posts"}],"about":[{"href":"https:\/\/www.ilmercoledi.news\/ilmercoledi\/news\/wp-json\/wp\/v2\/types\/post"}],"author":[{"embeddable":true,"href":"https:\/\/www.ilmercoledi.news\/ilmercoledi\/news\/wp-json\/wp\/v2\/users\/11"}],"replies":[{"embeddable":true,"href":"https:\/\/www.ilmercoledi.news\/ilmercoledi\/news\/wp-json\/wp\/v2\/comments?post=30495"}],"version-history":[{"count":1,"href":"https:\/\/www.ilmercoledi.news\/ilmercoledi\/news\/wp-json\/wp\/v2\/posts\/30495\/revisions"}],"predecessor-version":[{"id":30496,"href":"https:\/\/www.ilmercoledi.news\/ilmercoledi\/news\/wp-json\/wp\/v2\/posts\/30495\/revisions\/30496"}],"wp:featuredmedia":[{"embeddable":true,"href":"https:\/\/www.ilmercoledi.news\/ilmercoledi\/news\/wp-json\/wp\/v2\/media\/25147"}],"wp:attachment":[{"href":"https:\/\/www.ilmercoledi.news\/ilmercoledi\/news\/wp-json\/wp\/v2\/media?parent=30495"}],"wp:term":[{"taxonomy":"category","embeddable":true,"href":"https:\/\/www.ilmercoledi.news\/ilmercoledi\/news\/wp-json\/wp\/v2\/categories?post=30495"},{"taxonomy":"post_tag","embeddable":true,"href":"https:\/\/www.ilmercoledi.news\/ilmercoledi\/news\/wp-json\/wp\/v2\/tags?post=30495"},{"taxonomy":"news-destination","embeddable":true,"href":"https:\/\/www.ilmercoledi.news\/ilmercoledi\/news\/wp-json\/wp\/v2\/news-destination?post=30495"},{"taxonomy":"news-source","embeddable":true,"href":"https:\/\/www.ilmercoledi.news\/ilmercoledi\/news\/wp-json\/wp\/v2\/news-source?post=30495"},{"taxonomy":"is_homepage","embeddable":true,"href":"https:\/\/www.ilmercoledi.news\/ilmercoledi\/news\/wp-json\/wp\/v2\/is_homepage?post=30495"},{"taxonomy":"ta_other","embeddable":true,"href":"https:\/\/www.ilmercoledi.news\/ilmercoledi\/news\/wp-json\/wp\/v2\/ta_other?post=30495"}],"curies":[{"name":"wp","href":"https:\/\/api.w.org\/{rel}","templated":true}]}}