{"id":30985,"date":"2020-06-09T16:50:02","date_gmt":"2020-06-09T14:50:02","guid":{"rendered":"https:\/\/euwps02.newsmemory.com\/ilmercoledi\/news\/?p=30985"},"modified":"2020-06-09T16:50:06","modified_gmt":"2020-06-09T14:50:06","slug":"carmagnola-premiazione-contest-videociclismo-il-14-giugno","status":"publish","type":"post","link":"https:\/\/www.ilmercoledi.news\/2020\/06\/09\/carmagnola-premiazione-contest-videociclismo-il-14-giugno\/","title":{"rendered":"CARMAGNOLA &#8211; Premiazione contest videociclismo il 14 giugno"},"content":{"rendered":"<p>Domenica 14 giugno alle 21,\u00a0in streaming sulla pagina Facebook di S\u00ecn\u00e9m\u00e0h (<i>@circuito.sinemah<\/i>), verranno premiati i vincitori,\u00a0del contest videociclistico &#8220;videogiro&#8221; che coinvolge sette citt\u00e0 tra Piemonte e Liguria, dove i partecipanti hanno girato altrettanti cortometraggi a tema libero, con\u00a0protagonista assoluta la bicicletta. Tra le citt\u00e0, che fanno parte di S\u00ecn\u00e9m\u00e0h &#8211; il primo circuito italiano di sale cinematografiche e festival dei territori di provincia &#8211; c&#8217;\u00e8 Carmagnola. Durante la diretta verr\u00e0 presentato il contest, curato dall\u2019Associazione Piemonte Movie\u00a0per\u00a0S\u00ecn\u00e9m\u00e0h\u00a0nato nell\u2019ambito di\u00a0Open Cinema, progetto operativo della Compagnia di San Paolo. Verranno inoltre trasmessi i 7 corti partecipanti (della durata di 3 minuti l\u2019uno) in collegamento con\u00a0Alessandro Gaido\u00a0di Piemonte Movie e\u00a0i registi dei cortometraggi in concorso. Ospite speciale\u00a0Fulvio Paganin, presidente dell\u2019Associazione Distretto Cinema, direttore artistico dell\u2019arena estiva Cinema a Palazzo Reale e del cinema Esedra di Torino. La serata, che si terr\u00e0 alla vigilia della riapertura delle sale cinematografiche, vuole essere una festa di bentornato ai cinema che in questi mesi di lockdown hanno dovuto scoprire nuovi modi per contattare il proprio pubblico e offrire accesso alla settima arte.<\/p>\n","protected":false},"excerpt":{"rendered":"","protected":false},"author":11,"featured_media":11346,"comment_status":"open","ping_status":"closed","sticky":false,"template":"","format":"standard","meta":[],"categories":[34],"tags":[],"news-destination":[],"news-source":[],"is_homepage":[],"ta_other":[],"_links":{"self":[{"href":"https:\/\/www.ilmercoledi.news\/ilmercoledi\/news\/wp-json\/wp\/v2\/posts\/30985"}],"collection":[{"href":"https:\/\/www.ilmercoledi.news\/ilmercoledi\/news\/wp-json\/wp\/v2\/posts"}],"about":[{"href":"https:\/\/www.ilmercoledi.news\/ilmercoledi\/news\/wp-json\/wp\/v2\/types\/post"}],"author":[{"embeddable":true,"href":"https:\/\/www.ilmercoledi.news\/ilmercoledi\/news\/wp-json\/wp\/v2\/users\/11"}],"replies":[{"embeddable":true,"href":"https:\/\/www.ilmercoledi.news\/ilmercoledi\/news\/wp-json\/wp\/v2\/comments?post=30985"}],"version-history":[{"count":1,"href":"https:\/\/www.ilmercoledi.news\/ilmercoledi\/news\/wp-json\/wp\/v2\/posts\/30985\/revisions"}],"predecessor-version":[{"id":30986,"href":"https:\/\/www.ilmercoledi.news\/ilmercoledi\/news\/wp-json\/wp\/v2\/posts\/30985\/revisions\/30986"}],"wp:featuredmedia":[{"embeddable":true,"href":"https:\/\/www.ilmercoledi.news\/ilmercoledi\/news\/wp-json\/wp\/v2\/media\/11346"}],"wp:attachment":[{"href":"https:\/\/www.ilmercoledi.news\/ilmercoledi\/news\/wp-json\/wp\/v2\/media?parent=30985"}],"wp:term":[{"taxonomy":"category","embeddable":true,"href":"https:\/\/www.ilmercoledi.news\/ilmercoledi\/news\/wp-json\/wp\/v2\/categories?post=30985"},{"taxonomy":"post_tag","embeddable":true,"href":"https:\/\/www.ilmercoledi.news\/ilmercoledi\/news\/wp-json\/wp\/v2\/tags?post=30985"},{"taxonomy":"news-destination","embeddable":true,"href":"https:\/\/www.ilmercoledi.news\/ilmercoledi\/news\/wp-json\/wp\/v2\/news-destination?post=30985"},{"taxonomy":"news-source","embeddable":true,"href":"https:\/\/www.ilmercoledi.news\/ilmercoledi\/news\/wp-json\/wp\/v2\/news-source?post=30985"},{"taxonomy":"is_homepage","embeddable":true,"href":"https:\/\/www.ilmercoledi.news\/ilmercoledi\/news\/wp-json\/wp\/v2\/is_homepage?post=30985"},{"taxonomy":"ta_other","embeddable":true,"href":"https:\/\/www.ilmercoledi.news\/ilmercoledi\/news\/wp-json\/wp\/v2\/ta_other?post=30985"}],"curies":[{"name":"wp","href":"https:\/\/api.w.org\/{rel}","templated":true}]}}