{"id":31111,"date":"2020-06-15T07:34:29","date_gmt":"2020-06-15T05:34:29","guid":{"rendered":"https:\/\/euwps02.newsmemory.com\/ilmercoledi\/news\/?p=31111"},"modified":"2020-06-15T07:34:32","modified_gmt":"2020-06-15T05:34:32","slug":"moncalieri-castello-illuminato-con-il-tricolore-per-la-lotta-alla-pandemia","status":"publish","type":"post","link":"https:\/\/www.ilmercoledi.news\/2020\/06\/15\/moncalieri-castello-illuminato-con-il-tricolore-per-la-lotta-alla-pandemia\/","title":{"rendered":"MONCALIERI &#8211; Castello illuminato con il tricolore per la lotta alla pandemia"},"content":{"rendered":"<p>Il Castello Reale di Moncalieri, Residenza sabauda Patrimonio dell\u2019Umanit\u00e0 Unesco, si illumina con il Tricolore, per rendere omaggio a medici, volontari e trasmettere un segnale di speranza che dalle istituzioni si rivolge a tutta la Comunit\u00e0. L\u2019iniziativa \u00e8 realizzata dal 1\u00b0 Reggimento Carabinieri \u201cPiemonte\u201d e dalla Citt\u00e0 di Moncalieri. Alla cerimonia di accensione di ieri sera, domenica 14 giugno, hanno partecipato il Comandante del 1\u00b0 Reggimento, col. Stefano Fernando Russo, e il sindaco di Moncalieri, Paolo Montagna, che ha commentato: \u201cIlluminiamo con il Tricolore il Castello Reale, simbolo della nostra citt\u00e0 e tra i simboli del Piemonte, per ritrovarci uniti nei colori nazionali nel condividere la speranza per il futuro. \u00c8 un modo per ricordare, rendere omaggio a chi ha dato il suo contributo a favore della comunit\u00e0 e accendere luci sul futuro. Con la voglia di tornare a stare insieme e di uscire dall\u2019emergenza.\u201d<\/p>\n","protected":false},"excerpt":{"rendered":"","protected":false},"author":11,"featured_media":31112,"comment_status":"open","ping_status":"closed","sticky":false,"template":"","format":"standard","meta":[],"categories":[34],"tags":[],"news-destination":[],"news-source":[],"is_homepage":[],"ta_other":[],"_links":{"self":[{"href":"https:\/\/www.ilmercoledi.news\/ilmercoledi\/news\/wp-json\/wp\/v2\/posts\/31111"}],"collection":[{"href":"https:\/\/www.ilmercoledi.news\/ilmercoledi\/news\/wp-json\/wp\/v2\/posts"}],"about":[{"href":"https:\/\/www.ilmercoledi.news\/ilmercoledi\/news\/wp-json\/wp\/v2\/types\/post"}],"author":[{"embeddable":true,"href":"https:\/\/www.ilmercoledi.news\/ilmercoledi\/news\/wp-json\/wp\/v2\/users\/11"}],"replies":[{"embeddable":true,"href":"https:\/\/www.ilmercoledi.news\/ilmercoledi\/news\/wp-json\/wp\/v2\/comments?post=31111"}],"version-history":[{"count":1,"href":"https:\/\/www.ilmercoledi.news\/ilmercoledi\/news\/wp-json\/wp\/v2\/posts\/31111\/revisions"}],"predecessor-version":[{"id":31113,"href":"https:\/\/www.ilmercoledi.news\/ilmercoledi\/news\/wp-json\/wp\/v2\/posts\/31111\/revisions\/31113"}],"wp:featuredmedia":[{"embeddable":true,"href":"https:\/\/www.ilmercoledi.news\/ilmercoledi\/news\/wp-json\/wp\/v2\/media\/31112"}],"wp:attachment":[{"href":"https:\/\/www.ilmercoledi.news\/ilmercoledi\/news\/wp-json\/wp\/v2\/media?parent=31111"}],"wp:term":[{"taxonomy":"category","embeddable":true,"href":"https:\/\/www.ilmercoledi.news\/ilmercoledi\/news\/wp-json\/wp\/v2\/categories?post=31111"},{"taxonomy":"post_tag","embeddable":true,"href":"https:\/\/www.ilmercoledi.news\/ilmercoledi\/news\/wp-json\/wp\/v2\/tags?post=31111"},{"taxonomy":"news-destination","embeddable":true,"href":"https:\/\/www.ilmercoledi.news\/ilmercoledi\/news\/wp-json\/wp\/v2\/news-destination?post=31111"},{"taxonomy":"news-source","embeddable":true,"href":"https:\/\/www.ilmercoledi.news\/ilmercoledi\/news\/wp-json\/wp\/v2\/news-source?post=31111"},{"taxonomy":"is_homepage","embeddable":true,"href":"https:\/\/www.ilmercoledi.news\/ilmercoledi\/news\/wp-json\/wp\/v2\/is_homepage?post=31111"},{"taxonomy":"ta_other","embeddable":true,"href":"https:\/\/www.ilmercoledi.news\/ilmercoledi\/news\/wp-json\/wp\/v2\/ta_other?post=31111"}],"curies":[{"name":"wp","href":"https:\/\/api.w.org\/{rel}","templated":true}]}}