{"id":31412,"date":"2020-06-23T11:08:42","date_gmt":"2020-06-23T09:08:42","guid":{"rendered":"https:\/\/euwps02.newsmemory.com\/ilmercoledi\/news\/?p=31412"},"modified":"2020-06-23T11:08:45","modified_gmt":"2020-06-23T09:08:45","slug":"in-festa-per-la-notte-di-san-giovanni","status":"publish","type":"post","link":"https:\/\/www.ilmercoledi.news\/2020\/06\/23\/in-festa-per-la-notte-di-san-giovanni\/","title":{"rendered":"In festa per la notte di San Giovanni"},"content":{"rendered":"<p>Mercoled\u00ec <strong>24 giugno<\/strong> <strong>Torino, insieme a Genova e Firenze<\/strong> celebreranno <strong>San Giovanni<\/strong> mettendo in scena, <strong>a partire dalle ore 21.30<\/strong>, uno spettacolo comune in diretta tv su Rai Premium (canale 25 ddt), in streaming su RaiPlay e sulla piattaforma digitale www.sangiovannix3.it. Una festa condivisa nel nome del patrono delle tre citt\u00e0, mentre il capoluogo sabaudo far\u00e0 a meno quest&#8217;anno del tradizionale fal\u00f2.<\/p>\n<p>Durante la giornata di festa, molti dei musei torinesi saranno aperti al pubblico, tra questi: i<strong> Musei Reali<\/strong> (orario 9-19) i <strong>Giardini Reali<\/strong>; <strong>Palazzo Madama, GAM<\/strong> e<strong> MAO<\/strong> (orario 10-20); il <strong>Museo Egizio<\/strong> (10-18); la <strong>Pinacoteca Albertina<\/strong> (orario 10\u201318); il <strong>Museo Nazionale del Risorgimento<\/strong> (orario 10\u201318); <strong>Camera &#8211; Centro Italiano per la Fotografia<\/strong> (orario 11-19); <strong>Fondazione Accorsi Ometto<\/strong> (10\u201313 e 14\u201319); il <strong>Museo Pietro Micca e dell&#8217;Assedio di Torino del 1706<\/strong>\u00a0 (orario 14.30-18 e 21-23); il <strong>Museo storico nazionale d&#8217;artiglieria &#8211; Mastio della Cittadella<\/strong> (orario 14\u201322, ingresso gratuito); il <strong>Museo Nazionale della Montagna<\/strong> (orario 10\u201318); la<strong> Cupola della Basilica di Superga <\/strong>(orario 10.30-13.30; 14.30-18; salita in notturna 21.30-00.30); il <strong>Planetario<\/strong> (solo su prevendita dei biglietti orario 14-19); il <strong>MAUTC<\/strong> &#8211; <strong>Museo Nazionale dell&#8217;Automobile di Torino <\/strong>(orario 10\u201319, ultimo ingresso ore 18); il <strong>PAV &#8211; Parco<\/strong> <strong>Arte Vivente<\/strong> (orario 12-19); la <strong>Fondazione Sandretto Re Rebaudengo <\/strong>(orario 14\u201321, ingresso libero); la <strong>Palazzina di Stupinigi <\/strong>(orario 10\u201318.30, ultimo ingresso ore 18); la <strong>Reggia di Venaria<\/strong> (orario 10.30-18.30).<\/p>\n<p>Anche il mondo del commercio intende dare un messaggio alla cittadinanza per recuperare i propri spazi di normalit\u00e0: la proposta di <strong>Confesercenti<\/strong> \u00e8 quella di tenere i <strong>negozi aperti fino a mezzanotte in centro, prima di tutto, ma anche nel resto della citt\u00e0.<\/strong><\/p>\n<p>La tradizionale ricorrenza inizier\u00e0 alle <strong>ore <\/strong><strong>10.30<\/strong> con la <strong>Messa solenne in Duomo<\/strong> (funzione organizzata dalla Famija Turin\u00e8isa con il Duomo). Alle <strong>ore 12,15<\/strong> la Sala del Consiglio Comunale a Palazzo Civico ospiter\u00e0 la<strong> cerimonia di nomina di sette Ambasciatori delle eccellenze di Torino e del suo territorio<\/strong>: personalit\u00e0 che si sono distinte per le loro esperienze umane e professionali e che, a livello nazionale e internazionale, sono espressione di alte capacit\u00e0 imprenditoriali, di cultura, creativit\u00e0, solidariet\u00e0 e impegno nel campo del sociale e della giustizia. Gli ambasciatori nominati sono: <strong>Maria Lodovica Gullino, Patrizia Sandretto Re Rebaudengo, Paolo Pininfarina, Lorenzo Sonego, Sergio Momo, Ernesto Olivero e don Luigi Ciotti<\/strong><\/p>\n<p><strong>\u201cLa Notte di San Giovanni<\/strong><strong>\u201d \u2013 <\/strong>programma in diretta tv nazionale presentato da Arianna Ciampoli \u00a0per la regia di Duccio Forzano &#8211; <strong>prender\u00e0 il via alle ore 21.30 e durer\u00e0 fino alle 23.30. <\/strong><\/p>\n<p>Gli artisti dello show torinese, ospitato all&#8217;interno della <strong>Mole Antonelliana<\/strong> (che quest&#8217;anno celebra il 20^ compleanno con un programma dedicato, \u2018Torino citt\u00e0 del cinema 2020) saranno: <strong>Luciana Littizzetto<\/strong>, <strong>Niccol\u00f2 Fabi, Eugenio in Via di Gioia, Guido Catalano, Suor Cristina l\u2019orchestra del Teatro Regio<\/strong> <strong>di Torino,<\/strong> il <strong>Maestro Andrea Bacchetti<\/strong> con un omaggio a <strong>Ezio Bosso<\/strong>; il poeta <strong>Guido Catalano<\/strong>; <strong>Christian Greco<\/strong>, Direttore del Museo Egizio,<strong> Alessandro Barbero<\/strong>, il <strong>Maestro Bruno Santori<\/strong> e il <strong>Professor Curnis<\/strong>.<\/p>\n<p>La serata terminer\u00e0 con il <strong>dj set di<\/strong> <strong>Ema Stockholma<\/strong>, prima in diretta tv, successivamente in streaming sulla piattaforma digitale www.sangiovannix3.it sulla pagina Facebook della Citt\u00e0 di Torino.<\/p>\n<p>La <strong>luce<\/strong> sar\u00e0 protagonista della notte del Santo patrono grazie a speciali coreografie realizzate con imponenti <strong>fasci luminosi proiettati verso il cielo<\/strong> in tre differenti luoghi cittadini: <strong>Superga, Monte dei Cappuccini e Lingotto<\/strong>.<\/p>\n<p>Inoltre, dalla sera di San Giovanni, e fino al 20 luglio, la Mole Antonelliana diventer\u00e0, per la prima volta, un cinema a cielo aperto, grazie a uno spettacolo di videoproiezione altamente innovativo. Dalle ore 21.00 alle 23.30, i quattro lati della cupola si animeranno contemporaneamente con uno spettacolo, della durata di 20 minuti: un omaggio alla Torino cinematografica, al cinema italiano e alle grandi star internazionali di tutti i tempi, in un montaggio serrato e visionario realizzato da Donato Sansone.<\/p>\n<p>&nbsp;<\/p>\n","protected":false},"excerpt":{"rendered":"","protected":false},"author":7,"featured_media":31413,"comment_status":"open","ping_status":"closed","sticky":false,"template":"","format":"standard","meta":[],"categories":[34],"tags":[68,153,551,550],"news-destination":[],"news-source":[],"is_homepage":[],"ta_other":[],"_links":{"self":[{"href":"https:\/\/www.ilmercoledi.news\/ilmercoledi\/news\/wp-json\/wp\/v2\/posts\/31412"}],"collection":[{"href":"https:\/\/www.ilmercoledi.news\/ilmercoledi\/news\/wp-json\/wp\/v2\/posts"}],"about":[{"href":"https:\/\/www.ilmercoledi.news\/ilmercoledi\/news\/wp-json\/wp\/v2\/types\/post"}],"author":[{"embeddable":true,"href":"https:\/\/www.ilmercoledi.news\/ilmercoledi\/news\/wp-json\/wp\/v2\/users\/7"}],"replies":[{"embeddable":true,"href":"https:\/\/www.ilmercoledi.news\/ilmercoledi\/news\/wp-json\/wp\/v2\/comments?post=31412"}],"version-history":[{"count":2,"href":"https:\/\/www.ilmercoledi.news\/ilmercoledi\/news\/wp-json\/wp\/v2\/posts\/31412\/revisions"}],"predecessor-version":[{"id":31415,"href":"https:\/\/www.ilmercoledi.news\/ilmercoledi\/news\/wp-json\/wp\/v2\/posts\/31412\/revisions\/31415"}],"wp:featuredmedia":[{"embeddable":true,"href":"https:\/\/www.ilmercoledi.news\/ilmercoledi\/news\/wp-json\/wp\/v2\/media\/31413"}],"wp:attachment":[{"href":"https:\/\/www.ilmercoledi.news\/ilmercoledi\/news\/wp-json\/wp\/v2\/media?parent=31412"}],"wp:term":[{"taxonomy":"category","embeddable":true,"href":"https:\/\/www.ilmercoledi.news\/ilmercoledi\/news\/wp-json\/wp\/v2\/categories?post=31412"},{"taxonomy":"post_tag","embeddable":true,"href":"https:\/\/www.ilmercoledi.news\/ilmercoledi\/news\/wp-json\/wp\/v2\/tags?post=31412"},{"taxonomy":"news-destination","embeddable":true,"href":"https:\/\/www.ilmercoledi.news\/ilmercoledi\/news\/wp-json\/wp\/v2\/news-destination?post=31412"},{"taxonomy":"news-source","embeddable":true,"href":"https:\/\/www.ilmercoledi.news\/ilmercoledi\/news\/wp-json\/wp\/v2\/news-source?post=31412"},{"taxonomy":"is_homepage","embeddable":true,"href":"https:\/\/www.ilmercoledi.news\/ilmercoledi\/news\/wp-json\/wp\/v2\/is_homepage?post=31412"},{"taxonomy":"ta_other","embeddable":true,"href":"https:\/\/www.ilmercoledi.news\/ilmercoledi\/news\/wp-json\/wp\/v2\/ta_other?post=31412"}],"curies":[{"name":"wp","href":"https:\/\/api.w.org\/{rel}","templated":true}]}}