{"id":31549,"date":"2020-06-26T08:27:32","date_gmt":"2020-06-26T06:27:32","guid":{"rendered":"https:\/\/euwps02.newsmemory.com\/ilmercoledi\/news\/?p=31549"},"modified":"2020-06-26T08:27:36","modified_gmt":"2020-06-26T06:27:36","slug":"al-via-la-stella-alpina-2020-primo-evento-automobilistico-di-regolarita-classica-dopo-il-lockdown","status":"publish","type":"post","link":"https:\/\/www.ilmercoledi.news\/2020\/06\/26\/al-via-la-stella-alpina-2020-primo-evento-automobilistico-di-regolarita-classica-dopo-il-lockdown\/","title":{"rendered":"Al via la Stella Alpina 2020: primo evento automobilistico di regolarit\u00e0 classica dopo il lockdown"},"content":{"rendered":"<p>Dopo tre mesi di duro lockdown, \u00e8 finalmente possibile tornare a correre sulle strade delle proprie passioni.<br \/>\nGrande \u00e8 stato l\u2019interesse mostrato dagli appassionati verso la nuova edizione ormai al via. Sar\u00e0 un\u2019ottima occasione per ricominciare e la Stella Alpina avr\u00e0 l\u2019onore di essere la prima gara di regolarit\u00e0 ad avere luogo nella fase post Covid-19, ovviamente sempre con grande attenzione alla sicurezza dei partecipanti che verranno accolti con il consueto sorriso, anche se nascosto dalla mascherina, seguendo il protocollo di sicurezza sanitario previsto.<br \/>\nSi tratta di un\u2019edizione speciale e le iscrizioni all\u2019esperienza automobilistica nei pi\u00f9 bei paesaggi delle Dolomiti, patrimonio dell\u2019Umanit\u00e0, sono state chiuse quest\u2019anno per overbooking. A sole due settimane dalla conferma ufficiale del mantenimento delle date, la quota fissata a 40 iscritti \u00e8 stata infatti ampiamente superata e gli organizzatori di Scuderia Trentina e Canossa Events, per accogliere gli entusiasti appassionati che desideravano partecipare, hanno esteso il numero di ammessi a 70.<br \/>\nLa nuova edizione si svolge dal 26 al 28 giugno tra i meravigliosi paesaggi del Trentino e propone tre giornate all\u2019insegna dello sport e dell\u2019adrenalina, ma anche del divertimento e convivialit\u00e0. Per gli appassionati della competizione, la gara di regolarit\u00e0 sar\u00e0 avvincente grazie a 46 prove cronometrate e a 6 prove di media. Quest\u2019anno \u00e8 stata per\u00f2 molto apprezzata anche la speciale formula non competitiva, creata per tutti quelli che desiderano godersi il fascino del percorso sulla propria Ferrari o auto d\u2019epoca immersi nella magnificenza delle Dolomiti, senza preoccuparsi dei pressostati, ma solo con la voglia di riprendere a partecipare ad entusiasmanti eventi godendo l\u2019ebrezza del vento tra i capelli a bordo di gioielli storici e moderni.<br \/>\nIl via verr\u00e0 dato venerd\u00ec 26 giugno dall\u2019Aeroporto Caproni di Trento con la partenza della prima tappa, che porter\u00e0 gli appassionati nel cuore delle Dolomiti di Brenta e si concluder\u00e0 per la prima volta a Madonna di Campiglio, Perla delle Dolomiti.<br \/>\nIl sabato ci si immerger\u00e0 nella natura pi\u00f9 incontaminata e si guider\u00e0 su sfidanti e suggestivi passi alpini come il Passo della Mendola o il Passo di Lavaz\u00e9. La giornata si concluder\u00e0 in quota con una serata al Rifugio Boch da cui si potr\u00e0 ammirare il tramonto sulle vette.<br \/>\nLa domenica si partir\u00e0 alla volta dell\u2019incantevole lago di Tenno e, dopo un passaggio a Riva del Garda, l\u2019arrivo \u00e8 previsto a Trento per le premiazioni conclusive nella bella cornice di Villa Bortolazzi all\u2019Acquaviva, collocata nella suggestiva Valle all\u2019Adige.<br \/>\nStella Alpina e l\u2019attenzione al sociale. In questo periodo di particolare emergenza sanitaria e sociale, Scuderia Trentina e Canossa Events hanno scelto di rivolgere una particolare attenzione alle persone pi\u00f9 bisognose. Per questo motivo la Stella Alpina quest\u2019anno sostiene la Fondazione Trentina per l\u2019Autismo Onlus contribuendo ai preziosi progetti di solidariet\u00e0 educativa svolti nel territorio. La Fondazione Trentina per l\u2019Autismo Onlus, attraverso Casa Sebastiano, svolge un ruolo centrale nell\u2019offrire servizi di accoglienza, di formazione, di tipo sanitario e nel creare attivit\u00e0 di crescita educative e stimolanti. Il team organizzativo devolver\u00e0 alla Fondazione buona parte del budget normalmente dedicato agli omaggi, certi di avere in questa scelta l\u2019approvazione e il sostegno di tutti i partecipanti.<\/p>\n","protected":false},"excerpt":{"rendered":"","protected":false},"author":10,"featured_media":31550,"comment_status":"open","ping_status":"closed","sticky":false,"template":"","format":"standard","meta":[],"categories":[395,10],"tags":[],"news-destination":[],"news-source":[],"is_homepage":[],"ta_other":[],"_links":{"self":[{"href":"https:\/\/www.ilmercoledi.news\/ilmercoledi\/news\/wp-json\/wp\/v2\/posts\/31549"}],"collection":[{"href":"https:\/\/www.ilmercoledi.news\/ilmercoledi\/news\/wp-json\/wp\/v2\/posts"}],"about":[{"href":"https:\/\/www.ilmercoledi.news\/ilmercoledi\/news\/wp-json\/wp\/v2\/types\/post"}],"author":[{"embeddable":true,"href":"https:\/\/www.ilmercoledi.news\/ilmercoledi\/news\/wp-json\/wp\/v2\/users\/10"}],"replies":[{"embeddable":true,"href":"https:\/\/www.ilmercoledi.news\/ilmercoledi\/news\/wp-json\/wp\/v2\/comments?post=31549"}],"version-history":[{"count":1,"href":"https:\/\/www.ilmercoledi.news\/ilmercoledi\/news\/wp-json\/wp\/v2\/posts\/31549\/revisions"}],"predecessor-version":[{"id":31551,"href":"https:\/\/www.ilmercoledi.news\/ilmercoledi\/news\/wp-json\/wp\/v2\/posts\/31549\/revisions\/31551"}],"wp:featuredmedia":[{"embeddable":true,"href":"https:\/\/www.ilmercoledi.news\/ilmercoledi\/news\/wp-json\/wp\/v2\/media\/31550"}],"wp:attachment":[{"href":"https:\/\/www.ilmercoledi.news\/ilmercoledi\/news\/wp-json\/wp\/v2\/media?parent=31549"}],"wp:term":[{"taxonomy":"category","embeddable":true,"href":"https:\/\/www.ilmercoledi.news\/ilmercoledi\/news\/wp-json\/wp\/v2\/categories?post=31549"},{"taxonomy":"post_tag","embeddable":true,"href":"https:\/\/www.ilmercoledi.news\/ilmercoledi\/news\/wp-json\/wp\/v2\/tags?post=31549"},{"taxonomy":"news-destination","embeddable":true,"href":"https:\/\/www.ilmercoledi.news\/ilmercoledi\/news\/wp-json\/wp\/v2\/news-destination?post=31549"},{"taxonomy":"news-source","embeddable":true,"href":"https:\/\/www.ilmercoledi.news\/ilmercoledi\/news\/wp-json\/wp\/v2\/news-source?post=31549"},{"taxonomy":"is_homepage","embeddable":true,"href":"https:\/\/www.ilmercoledi.news\/ilmercoledi\/news\/wp-json\/wp\/v2\/is_homepage?post=31549"},{"taxonomy":"ta_other","embeddable":true,"href":"https:\/\/www.ilmercoledi.news\/ilmercoledi\/news\/wp-json\/wp\/v2\/ta_other?post=31549"}],"curies":[{"name":"wp","href":"https:\/\/api.w.org\/{rel}","templated":true}]}}