{"id":31831,"date":"2020-07-07T15:49:59","date_gmt":"2020-07-07T13:49:59","guid":{"rendered":"https:\/\/euwps02.newsmemory.com\/ilmercoledi\/news\/?p=31831"},"modified":"2020-07-07T15:50:07","modified_gmt":"2020-07-07T13:50:07","slug":"istruzione-citta-metropolitana-non-abbiamo-edifici-dismessi-da-prestare-alle-scuole","status":"publish","type":"post","link":"https:\/\/www.ilmercoledi.news\/2020\/07\/07\/istruzione-citta-metropolitana-non-abbiamo-edifici-dismessi-da-prestare-alle-scuole\/","title":{"rendered":"ISTRUZIONE &#8211; Citt\u00e0 Metropolitana: &#8220;Non abbiamo edifici dismessi da prestare alle scuole&#8221;"},"content":{"rendered":"<p>&#8220;Quando ci chiedono se la Citt\u00e0 metropolitana di Torino dispone di edifici scolastici dismessi da prestare a scuole che si trovano a corto di spazi, in vista del nuovo anno scolastico, a causa delle necessit\u00e0 di distanziamento sociale imposte dall&#8217;emergenza Covid-19, siamo purtroppo costretti a rispondere di no. Le dismissioni negli ultimi anni sono state pochissime, e nella quasi totalit\u00e0 dei casi gli immobili sono tornati ai loro proprietari, vale a dire quasi sempre i Comuni. In un paio di situazioni si \u00e8 trattato di rilocalizzazione di alcune classi, razionalizzando gli edifici che le hanno accolte&#8221;. Il consigliere metropolitano con delega all&#8217;edilizia scolastica Fabio Bianco risponde con queste parole a chi chiede se una delle soluzioni alla mancanza di aule in tante scuole non sia quella di riaprire scuole chiuse, magari per il calo demografico, e mai riutilizzate.\u00a0&#8220;Occorre ricordare, inoltre, che il territorio della Citt\u00e0 metropolitana non ha ancora sub\u00ecto nessun calo demografico della popolazione scolastica, per cui non \u00e8 stato interessato dalla dismissione di strutture scolastiche che invece ha riguardato, negli ultimi anni, le scuole dell&#8217;infanzia e primarie&#8221; conclude Fabio Bianco. &#8220;Attualmente, la popolazione scolastica delle scuole superiori \u00e8 stabile, dopo decenni di crescita continua&#8221;.<\/p>\n","protected":false},"excerpt":{"rendered":"","protected":false},"author":11,"featured_media":3033,"comment_status":"open","ping_status":"closed","sticky":false,"template":"","format":"standard","meta":[],"categories":[34],"tags":[],"news-destination":[],"news-source":[],"is_homepage":[],"ta_other":[],"_links":{"self":[{"href":"https:\/\/www.ilmercoledi.news\/ilmercoledi\/news\/wp-json\/wp\/v2\/posts\/31831"}],"collection":[{"href":"https:\/\/www.ilmercoledi.news\/ilmercoledi\/news\/wp-json\/wp\/v2\/posts"}],"about":[{"href":"https:\/\/www.ilmercoledi.news\/ilmercoledi\/news\/wp-json\/wp\/v2\/types\/post"}],"author":[{"embeddable":true,"href":"https:\/\/www.ilmercoledi.news\/ilmercoledi\/news\/wp-json\/wp\/v2\/users\/11"}],"replies":[{"embeddable":true,"href":"https:\/\/www.ilmercoledi.news\/ilmercoledi\/news\/wp-json\/wp\/v2\/comments?post=31831"}],"version-history":[{"count":1,"href":"https:\/\/www.ilmercoledi.news\/ilmercoledi\/news\/wp-json\/wp\/v2\/posts\/31831\/revisions"}],"predecessor-version":[{"id":31832,"href":"https:\/\/www.ilmercoledi.news\/ilmercoledi\/news\/wp-json\/wp\/v2\/posts\/31831\/revisions\/31832"}],"wp:featuredmedia":[{"embeddable":true,"href":"https:\/\/www.ilmercoledi.news\/ilmercoledi\/news\/wp-json\/wp\/v2\/media\/3033"}],"wp:attachment":[{"href":"https:\/\/www.ilmercoledi.news\/ilmercoledi\/news\/wp-json\/wp\/v2\/media?parent=31831"}],"wp:term":[{"taxonomy":"category","embeddable":true,"href":"https:\/\/www.ilmercoledi.news\/ilmercoledi\/news\/wp-json\/wp\/v2\/categories?post=31831"},{"taxonomy":"post_tag","embeddable":true,"href":"https:\/\/www.ilmercoledi.news\/ilmercoledi\/news\/wp-json\/wp\/v2\/tags?post=31831"},{"taxonomy":"news-destination","embeddable":true,"href":"https:\/\/www.ilmercoledi.news\/ilmercoledi\/news\/wp-json\/wp\/v2\/news-destination?post=31831"},{"taxonomy":"news-source","embeddable":true,"href":"https:\/\/www.ilmercoledi.news\/ilmercoledi\/news\/wp-json\/wp\/v2\/news-source?post=31831"},{"taxonomy":"is_homepage","embeddable":true,"href":"https:\/\/www.ilmercoledi.news\/ilmercoledi\/news\/wp-json\/wp\/v2\/is_homepage?post=31831"},{"taxonomy":"ta_other","embeddable":true,"href":"https:\/\/www.ilmercoledi.news\/ilmercoledi\/news\/wp-json\/wp\/v2\/ta_other?post=31831"}],"curies":[{"name":"wp","href":"https:\/\/api.w.org\/{rel}","templated":true}]}}