{"id":32150,"date":"2020-07-17T08:15:58","date_gmt":"2020-07-17T06:15:58","guid":{"rendered":"https:\/\/euwps02.newsmemory.com\/ilmercoledi\/news\/?p=32150"},"modified":"2020-07-17T08:16:03","modified_gmt":"2020-07-17T06:16:03","slug":"la-loggia-a-settembre-in-classe-a-turno-la-rabbia-dei-genitori","status":"publish","type":"post","link":"https:\/\/www.ilmercoledi.news\/2020\/07\/17\/la-loggia-a-settembre-in-classe-a-turno-la-rabbia-dei-genitori\/","title":{"rendered":"LA LOGGIA &#8211; A settembre in classe a turno: la rabbia dei genitori"},"content":{"rendered":"<p>All&#8217;asilo di La Loggia si andr\u00e0 solo al mattino (8-8,45\/12,15-12,45) senza servizio mensa poich\u00e9 \u00e8 necessario sdoppiare tutte le sezioni per avere un numero di alunni ridotto in ciascun gruppo. I gruppi saranno fissi, sempre con la stessa insegnante e con l\u2019utilizzo dello stesso spazio. E alla primaria\u00a0 il Tempo Pieno si articoler\u00e0 su 3 giornate con la frequenza solo al mattino (fino alle ore 13) e 2 giornate con la frequenza fino alle 16,30 comprensiva del servizio mensa, alternando le classi in modo da non affollare il locale refettorio. Sono le linee guida dell&#8217;istituto comprensivo loggese, per la ripresa delle lezioni a settembre. sar\u00e0 un servizio monco, a causa delle limitazioni da covid. Con buona pace dei genitori che sono gi\u00e0 sul piede di guerra: chi ha richiesto il tempo pieno per ragioni lavorative andr\u00e0 comunque in difficolt\u00e0 nella gestione dei ragazzi durante i pomeriggi dove non frequenteranno<\/p>\n","protected":false},"excerpt":{"rendered":"","protected":false},"author":11,"featured_media":2483,"comment_status":"open","ping_status":"closed","sticky":false,"template":"","format":"standard","meta":[],"categories":[34],"tags":[],"news-destination":[],"news-source":[],"is_homepage":[],"ta_other":[],"_links":{"self":[{"href":"https:\/\/www.ilmercoledi.news\/ilmercoledi\/news\/wp-json\/wp\/v2\/posts\/32150"}],"collection":[{"href":"https:\/\/www.ilmercoledi.news\/ilmercoledi\/news\/wp-json\/wp\/v2\/posts"}],"about":[{"href":"https:\/\/www.ilmercoledi.news\/ilmercoledi\/news\/wp-json\/wp\/v2\/types\/post"}],"author":[{"embeddable":true,"href":"https:\/\/www.ilmercoledi.news\/ilmercoledi\/news\/wp-json\/wp\/v2\/users\/11"}],"replies":[{"embeddable":true,"href":"https:\/\/www.ilmercoledi.news\/ilmercoledi\/news\/wp-json\/wp\/v2\/comments?post=32150"}],"version-history":[{"count":1,"href":"https:\/\/www.ilmercoledi.news\/ilmercoledi\/news\/wp-json\/wp\/v2\/posts\/32150\/revisions"}],"predecessor-version":[{"id":32151,"href":"https:\/\/www.ilmercoledi.news\/ilmercoledi\/news\/wp-json\/wp\/v2\/posts\/32150\/revisions\/32151"}],"wp:featuredmedia":[{"embeddable":true,"href":"https:\/\/www.ilmercoledi.news\/ilmercoledi\/news\/wp-json\/wp\/v2\/media\/2483"}],"wp:attachment":[{"href":"https:\/\/www.ilmercoledi.news\/ilmercoledi\/news\/wp-json\/wp\/v2\/media?parent=32150"}],"wp:term":[{"taxonomy":"category","embeddable":true,"href":"https:\/\/www.ilmercoledi.news\/ilmercoledi\/news\/wp-json\/wp\/v2\/categories?post=32150"},{"taxonomy":"post_tag","embeddable":true,"href":"https:\/\/www.ilmercoledi.news\/ilmercoledi\/news\/wp-json\/wp\/v2\/tags?post=32150"},{"taxonomy":"news-destination","embeddable":true,"href":"https:\/\/www.ilmercoledi.news\/ilmercoledi\/news\/wp-json\/wp\/v2\/news-destination?post=32150"},{"taxonomy":"news-source","embeddable":true,"href":"https:\/\/www.ilmercoledi.news\/ilmercoledi\/news\/wp-json\/wp\/v2\/news-source?post=32150"},{"taxonomy":"is_homepage","embeddable":true,"href":"https:\/\/www.ilmercoledi.news\/ilmercoledi\/news\/wp-json\/wp\/v2\/is_homepage?post=32150"},{"taxonomy":"ta_other","embeddable":true,"href":"https:\/\/www.ilmercoledi.news\/ilmercoledi\/news\/wp-json\/wp\/v2\/ta_other?post=32150"}],"curies":[{"name":"wp","href":"https:\/\/api.w.org\/{rel}","templated":true}]}}