{"id":32783,"date":"2020-08-05T08:16:19","date_gmt":"2020-08-05T06:16:19","guid":{"rendered":"https:\/\/euwps02.newsmemory.com\/ilmercoledi\/news\/?p=32783"},"modified":"2020-08-05T08:16:26","modified_gmt":"2020-08-05T06:16:26","slug":"moncalieri-la-polemica-del-centrodestra-sulle-condizioni-di-lungo-po-abellonio","status":"publish","type":"post","link":"https:\/\/www.ilmercoledi.news\/2020\/08\/05\/moncalieri-la-polemica-del-centrodestra-sulle-condizioni-di-lungo-po-abellonio\/","title":{"rendered":"MONCALIERI &#8211; La polemica del centrodestra sulle condizioni di Lungo Po Abellonio"},"content":{"rendered":"<p>Polemiche sullo stato dell&#8217;ex centro anziani di Lungo Po Abellonio a Moncalieri. Cristiano Monticone, candidato con Fratelli D&#8217;Italia, ha infatti puntato il dito contro l&#8217;amministrazione per lo stato in cui versa la struttura.\u00a0&#8220;Abbiamo effettuato un sopralluogo per verificare di persona le condizioni in cui attualmente versano le strutture del parco &#8211; spiega Monticone -,\u00a0riscontrando una situazione incredibile: quello che una volta era il centro anziani oggi \u00e8 una struttura in evidente stato di pericolo oltre che di totale abbandono usato esclusivamente dai tossicodipendenti ma accessibile a chiunque, bambini compresi perch\u00e9 vicinissimo all&#8217;area giochi. Le protezioni sono divelte in pi\u00f9 punti, le porte sono sfondate, il tetto \u00e8 parzialmente crollato e la restante parte sembra poter cedere da un momento all&#8217;altro. Siringhe, lacci emostatici e spazzatura ovunque, nonch\u00e9 cocci di vetro e bottiglie rotte&#8221;. Il Comune aveva gi\u00e0 presentato lo scorso giugno il progetto di riqualificazione dell&#8217;intero parco, che comprende anche la riqualificazione dell&#8217;area per i bambini, con inserimento di nuovi giochi e una pavimentazione a norma; la realizzazione del nuovo argine del Po; la sistemazione dell&#8217;area cani e lo sviluppo di attrezzi fitness lungo il percorso.<\/p>\n","protected":false},"excerpt":{"rendered":"","protected":false},"author":11,"featured_media":32784,"comment_status":"open","ping_status":"closed","sticky":false,"template":"","format":"standard","meta":[],"categories":[34],"tags":[],"news-destination":[],"news-source":[],"is_homepage":[],"ta_other":[],"_links":{"self":[{"href":"https:\/\/www.ilmercoledi.news\/ilmercoledi\/news\/wp-json\/wp\/v2\/posts\/32783"}],"collection":[{"href":"https:\/\/www.ilmercoledi.news\/ilmercoledi\/news\/wp-json\/wp\/v2\/posts"}],"about":[{"href":"https:\/\/www.ilmercoledi.news\/ilmercoledi\/news\/wp-json\/wp\/v2\/types\/post"}],"author":[{"embeddable":true,"href":"https:\/\/www.ilmercoledi.news\/ilmercoledi\/news\/wp-json\/wp\/v2\/users\/11"}],"replies":[{"embeddable":true,"href":"https:\/\/www.ilmercoledi.news\/ilmercoledi\/news\/wp-json\/wp\/v2\/comments?post=32783"}],"version-history":[{"count":1,"href":"https:\/\/www.ilmercoledi.news\/ilmercoledi\/news\/wp-json\/wp\/v2\/posts\/32783\/revisions"}],"predecessor-version":[{"id":32785,"href":"https:\/\/www.ilmercoledi.news\/ilmercoledi\/news\/wp-json\/wp\/v2\/posts\/32783\/revisions\/32785"}],"wp:featuredmedia":[{"embeddable":true,"href":"https:\/\/www.ilmercoledi.news\/ilmercoledi\/news\/wp-json\/wp\/v2\/media\/32784"}],"wp:attachment":[{"href":"https:\/\/www.ilmercoledi.news\/ilmercoledi\/news\/wp-json\/wp\/v2\/media?parent=32783"}],"wp:term":[{"taxonomy":"category","embeddable":true,"href":"https:\/\/www.ilmercoledi.news\/ilmercoledi\/news\/wp-json\/wp\/v2\/categories?post=32783"},{"taxonomy":"post_tag","embeddable":true,"href":"https:\/\/www.ilmercoledi.news\/ilmercoledi\/news\/wp-json\/wp\/v2\/tags?post=32783"},{"taxonomy":"news-destination","embeddable":true,"href":"https:\/\/www.ilmercoledi.news\/ilmercoledi\/news\/wp-json\/wp\/v2\/news-destination?post=32783"},{"taxonomy":"news-source","embeddable":true,"href":"https:\/\/www.ilmercoledi.news\/ilmercoledi\/news\/wp-json\/wp\/v2\/news-source?post=32783"},{"taxonomy":"is_homepage","embeddable":true,"href":"https:\/\/www.ilmercoledi.news\/ilmercoledi\/news\/wp-json\/wp\/v2\/is_homepage?post=32783"},{"taxonomy":"ta_other","embeddable":true,"href":"https:\/\/www.ilmercoledi.news\/ilmercoledi\/news\/wp-json\/wp\/v2\/ta_other?post=32783"}],"curies":[{"name":"wp","href":"https:\/\/api.w.org\/{rel}","templated":true}]}}