{"id":32962,"date":"2020-08-11T16:38:43","date_gmt":"2020-08-11T14:38:43","guid":{"rendered":"https:\/\/euwps02.newsmemory.com\/ilmercoledi\/news\/?p=32962"},"modified":"2020-08-11T16:38:48","modified_gmt":"2020-08-11T14:38:48","slug":"rimborsi-inps-ce-anche-il-consigliere-regionale-pd-diego-sarno-tra-coloro-che-lhanno-percepito","status":"publish","type":"post","link":"https:\/\/www.ilmercoledi.news\/2020\/08\/11\/rimborsi-inps-ce-anche-il-consigliere-regionale-pd-diego-sarno-tra-coloro-che-lhanno-percepito\/","title":{"rendered":"RIMBORSI INPS &#8211; C&#8217;\u00e8 anche il consigliere regionale Pd Diego Sarno tra coloro che l&#8217;hanno percepito"},"content":{"rendered":"<p>Diego Sarno (nella foto con il segretario Pd di Nichelino Antonio Landolfi sulla sinistra) ex assessore del Comune di Nichelino e consigliere regionale del Pd \u00e8 tra i coinvolti nel caos rimborsi Inps, legati al covid. Con una nota ha voluto chiarire la sua posizione.<\/p>\n<p>&#8220;Sono qui per raccontarvi della questione 600 euro INPS e di come sono andati i fatti per quanto mi riguarda. Ho deciso di scrivere perch\u00e9 come sanno le persone che mi conoscono, quando sbaglio sono il primo ad ammetterlo, come anche in questo caso. Un errore per\u00f2 di sottovalutazione e non una volont\u00e0 da &#8220;furbetto&#8221; a cui ho cercato di rimediare subito, pi\u00f9 avanti capirete il perch\u00e9. Unica richiesta: leggete fino in fondo. La mia compagna fa questo di lavoro e da sempre gestisce la contabilit\u00e0 riguardante la mia attivit\u00e0 professionale.Durante il lockdown, per provare diverse procedure ha usato la sua partita Iva e anche la mia (avendone due tipologie diverse) cos\u00ec da essere pronta per assolvere senza errori e con una maggiore velocit\u00e0 le molte procedure gestite per i clienti dello studio nel quale lavora.Quando \u00e8 uscito il bonus per gli autonomi, come sempre ha usato la mia partita iva per provare la procedura e nella contemporaneit\u00e0 di quelle degli altri clienti ha concluso anche la mia per errore.Quando me lo ha detto, e qui c&#8217;\u00e8 l&#8217;errore di sottovalutazione e poca attenzione, ho lasciato correre dando per scontato che il bonus non mi sarebbe stato concesso vista la mia situazione reddituale.Nelle settimane successive, quando ho visto l&#8217;accredito sul mio conto corrente ho cercato una soluzione e non sapendo di poter restituire la somma direttamente ad INPS, ho effettuato un bonifico pari all&#8217;importo ricevuto delle due tranche da 600 euro come beneficenza per l&#8217;emergenza covid. Non ho sentito l&#8217;esigenza di raccontarlo prima, ma oggi vista l&#8217;onda mediatica e avendo un ruolo pubblico sento il bisogno di raccontarlo per trasparenza e onest\u00e0 intellettuale. Da sempre ho un&#8217;attivit\u00e0 legata al mondo della comunicazione che \u00e8 la mia principale occupazione che una volta terminata l&#8217;esperienza politica continuer\u00e0 a sostenere me e la mia famiglia. Prova del fatto che non sono nella categoria dei &#8220;furbetti&#8221; \u00e8 la non richiesta (pur avendo i requisiti e potendola ottenere) della tranche dei 1000 euro visto che il fatturato della mia attivit\u00e0 era sceso di oltre il 33% rispetto al periodo precedente.\u00a0 Non ho pensato neanche per un secondo di chiederli e infatti non l&#8217;ho fatto. Per concludere mi scuso per la sottovalutazione e la non attenzione in quel periodo difficile per tutti ma spero di aver con efficacia raccontato come sono andate le cose&#8221;<\/p>\n","protected":false},"excerpt":{"rendered":"","protected":false},"author":11,"featured_media":19047,"comment_status":"open","ping_status":"closed","sticky":false,"template":"","format":"standard","meta":[],"categories":[34],"tags":[],"news-destination":[],"news-source":[],"is_homepage":[],"ta_other":[],"_links":{"self":[{"href":"https:\/\/www.ilmercoledi.news\/ilmercoledi\/news\/wp-json\/wp\/v2\/posts\/32962"}],"collection":[{"href":"https:\/\/www.ilmercoledi.news\/ilmercoledi\/news\/wp-json\/wp\/v2\/posts"}],"about":[{"href":"https:\/\/www.ilmercoledi.news\/ilmercoledi\/news\/wp-json\/wp\/v2\/types\/post"}],"author":[{"embeddable":true,"href":"https:\/\/www.ilmercoledi.news\/ilmercoledi\/news\/wp-json\/wp\/v2\/users\/11"}],"replies":[{"embeddable":true,"href":"https:\/\/www.ilmercoledi.news\/ilmercoledi\/news\/wp-json\/wp\/v2\/comments?post=32962"}],"version-history":[{"count":1,"href":"https:\/\/www.ilmercoledi.news\/ilmercoledi\/news\/wp-json\/wp\/v2\/posts\/32962\/revisions"}],"predecessor-version":[{"id":32963,"href":"https:\/\/www.ilmercoledi.news\/ilmercoledi\/news\/wp-json\/wp\/v2\/posts\/32962\/revisions\/32963"}],"wp:featuredmedia":[{"embeddable":true,"href":"https:\/\/www.ilmercoledi.news\/ilmercoledi\/news\/wp-json\/wp\/v2\/media\/19047"}],"wp:attachment":[{"href":"https:\/\/www.ilmercoledi.news\/ilmercoledi\/news\/wp-json\/wp\/v2\/media?parent=32962"}],"wp:term":[{"taxonomy":"category","embeddable":true,"href":"https:\/\/www.ilmercoledi.news\/ilmercoledi\/news\/wp-json\/wp\/v2\/categories?post=32962"},{"taxonomy":"post_tag","embeddable":true,"href":"https:\/\/www.ilmercoledi.news\/ilmercoledi\/news\/wp-json\/wp\/v2\/tags?post=32962"},{"taxonomy":"news-destination","embeddable":true,"href":"https:\/\/www.ilmercoledi.news\/ilmercoledi\/news\/wp-json\/wp\/v2\/news-destination?post=32962"},{"taxonomy":"news-source","embeddable":true,"href":"https:\/\/www.ilmercoledi.news\/ilmercoledi\/news\/wp-json\/wp\/v2\/news-source?post=32962"},{"taxonomy":"is_homepage","embeddable":true,"href":"https:\/\/www.ilmercoledi.news\/ilmercoledi\/news\/wp-json\/wp\/v2\/is_homepage?post=32962"},{"taxonomy":"ta_other","embeddable":true,"href":"https:\/\/www.ilmercoledi.news\/ilmercoledi\/news\/wp-json\/wp\/v2\/ta_other?post=32962"}],"curies":[{"name":"wp","href":"https:\/\/api.w.org\/{rel}","templated":true}]}}