{"id":33157,"date":"2020-08-18T16:35:56","date_gmt":"2020-08-18T14:35:56","guid":{"rendered":"https:\/\/euwps02.newsmemory.com\/ilmercoledi\/news\/?p=33157"},"modified":"2020-08-20T07:53:27","modified_gmt":"2020-08-20T05:53:27","slug":"cronaca-e-un-54-enne-di-moncalieri-luomo-morto-in-deltaplano-in-sicilia","status":"publish","type":"post","link":"https:\/\/www.ilmercoledi.news\/2020\/08\/18\/cronaca-e-un-54-enne-di-moncalieri-luomo-morto-in-deltaplano-in-sicilia\/","title":{"rendered":"CRONACA &#8211; E&#8217; un 54 enne di Moncalieri l&#8217;uomo morto in deltaplano in Sicilia"},"content":{"rendered":"<p>Tocca la citt\u00e0 di Moncalieri e quella di Nichelino la tragedia di questa mattina in Sicilia, dove un uomo di 54 anni, Luigi Leuci, \u00e8 morto precipitato dal deltaplano durante un volo nel ragusano. Abitava nella Citt\u00e0 del Proclama ma era originario all&#8217;ombra della palazzina di caccia. Lascia moglie e due figlie adolescenti. Da una prima ricostruzione dei fatti sembrerebbe che a causare la tragedia sia stato un guasto nel momento del decollo del velivolo.<\/p>\n","protected":false},"excerpt":{"rendered":"","protected":false},"author":11,"featured_media":33158,"comment_status":"open","ping_status":"closed","sticky":false,"template":"","format":"standard","meta":[],"categories":[34],"tags":[],"news-destination":[],"news-source":[],"is_homepage":[],"ta_other":[],"_links":{"self":[{"href":"https:\/\/www.ilmercoledi.news\/ilmercoledi\/news\/wp-json\/wp\/v2\/posts\/33157"}],"collection":[{"href":"https:\/\/www.ilmercoledi.news\/ilmercoledi\/news\/wp-json\/wp\/v2\/posts"}],"about":[{"href":"https:\/\/www.ilmercoledi.news\/ilmercoledi\/news\/wp-json\/wp\/v2\/types\/post"}],"author":[{"embeddable":true,"href":"https:\/\/www.ilmercoledi.news\/ilmercoledi\/news\/wp-json\/wp\/v2\/users\/11"}],"replies":[{"embeddable":true,"href":"https:\/\/www.ilmercoledi.news\/ilmercoledi\/news\/wp-json\/wp\/v2\/comments?post=33157"}],"version-history":[{"count":1,"href":"https:\/\/www.ilmercoledi.news\/ilmercoledi\/news\/wp-json\/wp\/v2\/posts\/33157\/revisions"}],"predecessor-version":[{"id":33159,"href":"https:\/\/www.ilmercoledi.news\/ilmercoledi\/news\/wp-json\/wp\/v2\/posts\/33157\/revisions\/33159"}],"wp:featuredmedia":[{"embeddable":true,"href":"https:\/\/www.ilmercoledi.news\/ilmercoledi\/news\/wp-json\/wp\/v2\/media\/33158"}],"wp:attachment":[{"href":"https:\/\/www.ilmercoledi.news\/ilmercoledi\/news\/wp-json\/wp\/v2\/media?parent=33157"}],"wp:term":[{"taxonomy":"category","embeddable":true,"href":"https:\/\/www.ilmercoledi.news\/ilmercoledi\/news\/wp-json\/wp\/v2\/categories?post=33157"},{"taxonomy":"post_tag","embeddable":true,"href":"https:\/\/www.ilmercoledi.news\/ilmercoledi\/news\/wp-json\/wp\/v2\/tags?post=33157"},{"taxonomy":"news-destination","embeddable":true,"href":"https:\/\/www.ilmercoledi.news\/ilmercoledi\/news\/wp-json\/wp\/v2\/news-destination?post=33157"},{"taxonomy":"news-source","embeddable":true,"href":"https:\/\/www.ilmercoledi.news\/ilmercoledi\/news\/wp-json\/wp\/v2\/news-source?post=33157"},{"taxonomy":"is_homepage","embeddable":true,"href":"https:\/\/www.ilmercoledi.news\/ilmercoledi\/news\/wp-json\/wp\/v2\/is_homepage?post=33157"},{"taxonomy":"ta_other","embeddable":true,"href":"https:\/\/www.ilmercoledi.news\/ilmercoledi\/news\/wp-json\/wp\/v2\/ta_other?post=33157"}],"curies":[{"name":"wp","href":"https:\/\/api.w.org\/{rel}","templated":true}]}}