{"id":33190,"date":"2020-08-19T07:34:04","date_gmt":"2020-08-19T05:34:04","guid":{"rendered":"https:\/\/euwps02.newsmemory.com\/ilmercoledi\/news\/?p=33190"},"modified":"2020-08-19T07:34:09","modified_gmt":"2020-08-19T05:34:09","slug":"contagi-stabile-la-situazione-in-cintura-sud-carmagnola-torna-ad-avere-dei-positivi","status":"publish","type":"post","link":"https:\/\/www.ilmercoledi.news\/2020\/08\/19\/contagi-stabile-la-situazione-in-cintura-sud-carmagnola-torna-ad-avere-dei-positivi\/","title":{"rendered":"CONTAGI &#8211; Stabile la situazione in cintura sud: Carmagnola torna ad avere dei positivi"},"content":{"rendered":"<p>La cintura sud riflette la situazione a livello regionale e secondo i dati resi ufficiali la fotografia \u00e8 di una situazione sostanzialmente tranquilla. Carmagnola \u00e8 tra quei Comuni che sono tornati a contare nuovi contagiati (due). Di contro, Nichelino scende a 7, Moncalieri stabile a 6 cos\u00ec come Trofarello, mentre La Loggia \u00e8 a quota zero, cos\u00ec come Villastellone e Pecetto. Santena ne registra due, Carignano 3, Poirino 1. In generale numeri ancora sotto controllo ma serve la responsabilit\u00e0 di tutti, anche se qualche aumento \u00e8 preventivabile al rientro dalle vacanze.<\/p>\n","protected":false},"excerpt":{"rendered":"","protected":false},"author":11,"featured_media":28591,"comment_status":"open","ping_status":"closed","sticky":false,"template":"","format":"standard","meta":[],"categories":[34],"tags":[],"news-destination":[],"news-source":[],"is_homepage":[],"ta_other":[],"_links":{"self":[{"href":"https:\/\/www.ilmercoledi.news\/ilmercoledi\/news\/wp-json\/wp\/v2\/posts\/33190"}],"collection":[{"href":"https:\/\/www.ilmercoledi.news\/ilmercoledi\/news\/wp-json\/wp\/v2\/posts"}],"about":[{"href":"https:\/\/www.ilmercoledi.news\/ilmercoledi\/news\/wp-json\/wp\/v2\/types\/post"}],"author":[{"embeddable":true,"href":"https:\/\/www.ilmercoledi.news\/ilmercoledi\/news\/wp-json\/wp\/v2\/users\/11"}],"replies":[{"embeddable":true,"href":"https:\/\/www.ilmercoledi.news\/ilmercoledi\/news\/wp-json\/wp\/v2\/comments?post=33190"}],"version-history":[{"count":1,"href":"https:\/\/www.ilmercoledi.news\/ilmercoledi\/news\/wp-json\/wp\/v2\/posts\/33190\/revisions"}],"predecessor-version":[{"id":33191,"href":"https:\/\/www.ilmercoledi.news\/ilmercoledi\/news\/wp-json\/wp\/v2\/posts\/33190\/revisions\/33191"}],"wp:featuredmedia":[{"embeddable":true,"href":"https:\/\/www.ilmercoledi.news\/ilmercoledi\/news\/wp-json\/wp\/v2\/media\/28591"}],"wp:attachment":[{"href":"https:\/\/www.ilmercoledi.news\/ilmercoledi\/news\/wp-json\/wp\/v2\/media?parent=33190"}],"wp:term":[{"taxonomy":"category","embeddable":true,"href":"https:\/\/www.ilmercoledi.news\/ilmercoledi\/news\/wp-json\/wp\/v2\/categories?post=33190"},{"taxonomy":"post_tag","embeddable":true,"href":"https:\/\/www.ilmercoledi.news\/ilmercoledi\/news\/wp-json\/wp\/v2\/tags?post=33190"},{"taxonomy":"news-destination","embeddable":true,"href":"https:\/\/www.ilmercoledi.news\/ilmercoledi\/news\/wp-json\/wp\/v2\/news-destination?post=33190"},{"taxonomy":"news-source","embeddable":true,"href":"https:\/\/www.ilmercoledi.news\/ilmercoledi\/news\/wp-json\/wp\/v2\/news-source?post=33190"},{"taxonomy":"is_homepage","embeddable":true,"href":"https:\/\/www.ilmercoledi.news\/ilmercoledi\/news\/wp-json\/wp\/v2\/is_homepage?post=33190"},{"taxonomy":"ta_other","embeddable":true,"href":"https:\/\/www.ilmercoledi.news\/ilmercoledi\/news\/wp-json\/wp\/v2\/ta_other?post=33190"}],"curies":[{"name":"wp","href":"https:\/\/api.w.org\/{rel}","templated":true}]}}