{"id":33428,"date":"2020-08-27T07:59:32","date_gmt":"2020-08-27T05:59:32","guid":{"rendered":"https:\/\/euwps02.newsmemory.com\/ilmercoledi\/news\/?p=33428"},"modified":"2020-08-27T07:59:36","modified_gmt":"2020-08-27T05:59:36","slug":"moncalieri-zaca-ricorre-al-tar-per-lesclusione-dalla-lista-della-lega","status":"publish","type":"post","link":"https:\/\/www.ilmercoledi.news\/2020\/08\/27\/moncalieri-zaca-ricorre-al-tar-per-lesclusione-dalla-lista-della-lega\/","title":{"rendered":"MONCALIERI &#8211; Zac\u00e0 ricorre al Tar per l&#8217;esclusione dalla lista della Lega"},"content":{"rendered":"<p>Era nell&#8217;aria, ma ieri \u00e8 diventato ufficiale. Stefano Zac\u00e0, ex capogruppo Forza Italia nel frattempo passato nelle file della Lega a Moncalieri, ha presentato ricorso al Tar per la sua esclusione dalla competizione elettorale. Una mossa politica orchestrata dai partiti a livello regionale per evitare &#8220;sgarbi&#8221; a pochi mesi dal voto di Torino. Zac\u00e0 si fa forte del fatto che sugli atti separati a corredo di quello principale, era stato indicato il suo nome e di conseguenza le firme dei cittadini raccolte con la sua presenza alle elezioni. Salvo poi cancellare il suo nominativo da parte della Lega, al momento di consegnare le documentazioni in Comune. &#8220;Voglio il reintegro &#8211; ha spiegato -, non l&#8217;annullamento della lista&#8221;.<\/p>\n","protected":false},"excerpt":{"rendered":"","protected":false},"author":11,"featured_media":2888,"comment_status":"open","ping_status":"closed","sticky":false,"template":"","format":"standard","meta":[],"categories":[34],"tags":[],"news-destination":[],"news-source":[],"is_homepage":[],"ta_other":[],"_links":{"self":[{"href":"https:\/\/www.ilmercoledi.news\/ilmercoledi\/news\/wp-json\/wp\/v2\/posts\/33428"}],"collection":[{"href":"https:\/\/www.ilmercoledi.news\/ilmercoledi\/news\/wp-json\/wp\/v2\/posts"}],"about":[{"href":"https:\/\/www.ilmercoledi.news\/ilmercoledi\/news\/wp-json\/wp\/v2\/types\/post"}],"author":[{"embeddable":true,"href":"https:\/\/www.ilmercoledi.news\/ilmercoledi\/news\/wp-json\/wp\/v2\/users\/11"}],"replies":[{"embeddable":true,"href":"https:\/\/www.ilmercoledi.news\/ilmercoledi\/news\/wp-json\/wp\/v2\/comments?post=33428"}],"version-history":[{"count":1,"href":"https:\/\/www.ilmercoledi.news\/ilmercoledi\/news\/wp-json\/wp\/v2\/posts\/33428\/revisions"}],"predecessor-version":[{"id":33429,"href":"https:\/\/www.ilmercoledi.news\/ilmercoledi\/news\/wp-json\/wp\/v2\/posts\/33428\/revisions\/33429"}],"wp:featuredmedia":[{"embeddable":true,"href":"https:\/\/www.ilmercoledi.news\/ilmercoledi\/news\/wp-json\/wp\/v2\/media\/2888"}],"wp:attachment":[{"href":"https:\/\/www.ilmercoledi.news\/ilmercoledi\/news\/wp-json\/wp\/v2\/media?parent=33428"}],"wp:term":[{"taxonomy":"category","embeddable":true,"href":"https:\/\/www.ilmercoledi.news\/ilmercoledi\/news\/wp-json\/wp\/v2\/categories?post=33428"},{"taxonomy":"post_tag","embeddable":true,"href":"https:\/\/www.ilmercoledi.news\/ilmercoledi\/news\/wp-json\/wp\/v2\/tags?post=33428"},{"taxonomy":"news-destination","embeddable":true,"href":"https:\/\/www.ilmercoledi.news\/ilmercoledi\/news\/wp-json\/wp\/v2\/news-destination?post=33428"},{"taxonomy":"news-source","embeddable":true,"href":"https:\/\/www.ilmercoledi.news\/ilmercoledi\/news\/wp-json\/wp\/v2\/news-source?post=33428"},{"taxonomy":"is_homepage","embeddable":true,"href":"https:\/\/www.ilmercoledi.news\/ilmercoledi\/news\/wp-json\/wp\/v2\/is_homepage?post=33428"},{"taxonomy":"ta_other","embeddable":true,"href":"https:\/\/www.ilmercoledi.news\/ilmercoledi\/news\/wp-json\/wp\/v2\/ta_other?post=33428"}],"curies":[{"name":"wp","href":"https:\/\/api.w.org\/{rel}","templated":true}]}}