{"id":33511,"date":"2020-08-31T16:37:10","date_gmt":"2020-08-31T14:37:10","guid":{"rendered":"https:\/\/euwps02.newsmemory.com\/ilmercoledi\/news\/?p=33511"},"modified":"2020-08-31T17:04:42","modified_gmt":"2020-08-31T15:04:42","slug":"moncalieri-zaca-non-demorde-nuovo-ricorso-al-consiglio-di-stato","status":"publish","type":"post","link":"https:\/\/www.ilmercoledi.news\/2020\/08\/31\/moncalieri-zaca-non-demorde-nuovo-ricorso-al-consiglio-di-stato\/","title":{"rendered":"MONCALIERI &#8211; Zac\u00e0 non demorde: nuovo ricorso al Consiglio di Stato"},"content":{"rendered":"<p>Dopo essersi visto respingere dal tar la richiesta di reintegro nella lista della Lega, Stefano Zac\u00e0 non demorde e passa al Consiglio di Stato. L&#8217;ex capogruppo di Forza Italia vuole a tutti i costi far valere la sua volont\u00e0 di candidarsi con il partito di Salvini alle prossime comunali. E&#8217; nota la sua esclusione politica, decisa dai vertici del partito dopo che erano per\u00f2 state raccolte le firme con il suo nome. L&#8217;udienza si terr\u00e0 gi\u00e0 domani pomeriggio.<\/p>\n","protected":false},"excerpt":{"rendered":"","protected":false},"author":11,"featured_media":33522,"comment_status":"open","ping_status":"closed","sticky":false,"template":"","format":"standard","meta":[],"categories":[34],"tags":[],"news-destination":[],"news-source":[],"is_homepage":[],"ta_other":[],"_links":{"self":[{"href":"https:\/\/www.ilmercoledi.news\/ilmercoledi\/news\/wp-json\/wp\/v2\/posts\/33511"}],"collection":[{"href":"https:\/\/www.ilmercoledi.news\/ilmercoledi\/news\/wp-json\/wp\/v2\/posts"}],"about":[{"href":"https:\/\/www.ilmercoledi.news\/ilmercoledi\/news\/wp-json\/wp\/v2\/types\/post"}],"author":[{"embeddable":true,"href":"https:\/\/www.ilmercoledi.news\/ilmercoledi\/news\/wp-json\/wp\/v2\/users\/11"}],"replies":[{"embeddable":true,"href":"https:\/\/www.ilmercoledi.news\/ilmercoledi\/news\/wp-json\/wp\/v2\/comments?post=33511"}],"version-history":[{"count":1,"href":"https:\/\/www.ilmercoledi.news\/ilmercoledi\/news\/wp-json\/wp\/v2\/posts\/33511\/revisions"}],"predecessor-version":[{"id":33512,"href":"https:\/\/www.ilmercoledi.news\/ilmercoledi\/news\/wp-json\/wp\/v2\/posts\/33511\/revisions\/33512"}],"wp:featuredmedia":[{"embeddable":true,"href":"https:\/\/www.ilmercoledi.news\/ilmercoledi\/news\/wp-json\/wp\/v2\/media\/33522"}],"wp:attachment":[{"href":"https:\/\/www.ilmercoledi.news\/ilmercoledi\/news\/wp-json\/wp\/v2\/media?parent=33511"}],"wp:term":[{"taxonomy":"category","embeddable":true,"href":"https:\/\/www.ilmercoledi.news\/ilmercoledi\/news\/wp-json\/wp\/v2\/categories?post=33511"},{"taxonomy":"post_tag","embeddable":true,"href":"https:\/\/www.ilmercoledi.news\/ilmercoledi\/news\/wp-json\/wp\/v2\/tags?post=33511"},{"taxonomy":"news-destination","embeddable":true,"href":"https:\/\/www.ilmercoledi.news\/ilmercoledi\/news\/wp-json\/wp\/v2\/news-destination?post=33511"},{"taxonomy":"news-source","embeddable":true,"href":"https:\/\/www.ilmercoledi.news\/ilmercoledi\/news\/wp-json\/wp\/v2\/news-source?post=33511"},{"taxonomy":"is_homepage","embeddable":true,"href":"https:\/\/www.ilmercoledi.news\/ilmercoledi\/news\/wp-json\/wp\/v2\/is_homepage?post=33511"},{"taxonomy":"ta_other","embeddable":true,"href":"https:\/\/www.ilmercoledi.news\/ilmercoledi\/news\/wp-json\/wp\/v2\/ta_other?post=33511"}],"curies":[{"name":"wp","href":"https:\/\/api.w.org\/{rel}","templated":true}]}}