{"id":3415,"date":"2018-03-05T19:10:44","date_gmt":"2018-03-05T18:10:44","guid":{"rendered":"http:\/\/euwps02.tecnavia.com\/ilmercoledi\/news\/?p=3415"},"modified":"2018-03-05T19:10:46","modified_gmt":"2018-03-05T18:10:46","slug":"smog-domani-torino-tornano-le-limitazioni-ai-diesel","status":"publish","type":"post","link":"https:\/\/www.ilmercoledi.news\/2018\/03\/05\/smog-domani-torino-tornano-le-limitazioni-ai-diesel\/","title":{"rendered":"SMOG &#8211; Domani a Torino tornano le limitazioni ai diesel"},"content":{"rendered":"<p>A partire da domani,\u00a0<b>6 marzo<\/b>, le autovetture private ad alimentazione diesel con<b>classe emissiva inferiore e uguale ad euro4<\/b>\u00a0non potranno circolare in citt\u00e0 dalle ore 8 alle ore 19 tutti i giorni, festivi compresi. Anche per i mezzi commerciali ad alimentazione diesel il blocco \u00e8 confermato fino alla classe euro4, ma con orario 8,30-14 e 16-19 dal luned\u00ec al venerd\u00ec, 8.30-15 e 17-19 il sabato e nei giorni festivi.<\/p>\n<p>Il ritorno alla normalit\u00e0 sar\u00e0 possibile soltanto con il rientro del valore delle micropolveri presenti nell\u2019aria cittadina al di sotto della soglia di 50 microgrammi al metro cubo, tetto previsto dalle norme europee.<\/p>\n<p>Il provvedimento si \u00e8 reso necessario a causa del perdurare dell\u2019elevata presenza di polveri sottili: dal 28 febbraio scorso la quantit\u00e0 di Pm10 nell\u2019aria \u00e8 costantemente oltre la soglia di 50 mcg\/mc e le previsioni di Arpa Piemonte annunciano per oggi e domani una continuit\u00e0 di valori elevati.<\/p>\n","protected":false},"excerpt":{"rendered":"","protected":false},"author":11,"featured_media":1815,"comment_status":"open","ping_status":"closed","sticky":false,"template":"","format":"standard","meta":[],"categories":[34],"tags":[],"news-destination":[],"news-source":[],"is_homepage":[],"ta_other":[],"_links":{"self":[{"href":"https:\/\/www.ilmercoledi.news\/ilmercoledi\/news\/wp-json\/wp\/v2\/posts\/3415"}],"collection":[{"href":"https:\/\/www.ilmercoledi.news\/ilmercoledi\/news\/wp-json\/wp\/v2\/posts"}],"about":[{"href":"https:\/\/www.ilmercoledi.news\/ilmercoledi\/news\/wp-json\/wp\/v2\/types\/post"}],"author":[{"embeddable":true,"href":"https:\/\/www.ilmercoledi.news\/ilmercoledi\/news\/wp-json\/wp\/v2\/users\/11"}],"replies":[{"embeddable":true,"href":"https:\/\/www.ilmercoledi.news\/ilmercoledi\/news\/wp-json\/wp\/v2\/comments?post=3415"}],"version-history":[{"count":1,"href":"https:\/\/www.ilmercoledi.news\/ilmercoledi\/news\/wp-json\/wp\/v2\/posts\/3415\/revisions"}],"predecessor-version":[{"id":3416,"href":"https:\/\/www.ilmercoledi.news\/ilmercoledi\/news\/wp-json\/wp\/v2\/posts\/3415\/revisions\/3416"}],"wp:featuredmedia":[{"embeddable":true,"href":"https:\/\/www.ilmercoledi.news\/ilmercoledi\/news\/wp-json\/wp\/v2\/media\/1815"}],"wp:attachment":[{"href":"https:\/\/www.ilmercoledi.news\/ilmercoledi\/news\/wp-json\/wp\/v2\/media?parent=3415"}],"wp:term":[{"taxonomy":"category","embeddable":true,"href":"https:\/\/www.ilmercoledi.news\/ilmercoledi\/news\/wp-json\/wp\/v2\/categories?post=3415"},{"taxonomy":"post_tag","embeddable":true,"href":"https:\/\/www.ilmercoledi.news\/ilmercoledi\/news\/wp-json\/wp\/v2\/tags?post=3415"},{"taxonomy":"news-destination","embeddable":true,"href":"https:\/\/www.ilmercoledi.news\/ilmercoledi\/news\/wp-json\/wp\/v2\/news-destination?post=3415"},{"taxonomy":"news-source","embeddable":true,"href":"https:\/\/www.ilmercoledi.news\/ilmercoledi\/news\/wp-json\/wp\/v2\/news-source?post=3415"},{"taxonomy":"is_homepage","embeddable":true,"href":"https:\/\/www.ilmercoledi.news\/ilmercoledi\/news\/wp-json\/wp\/v2\/is_homepage?post=3415"},{"taxonomy":"ta_other","embeddable":true,"href":"https:\/\/www.ilmercoledi.news\/ilmercoledi\/news\/wp-json\/wp\/v2\/ta_other?post=3415"}],"curies":[{"name":"wp","href":"https:\/\/api.w.org\/{rel}","templated":true}]}}