{"id":34321,"date":"2020-09-17T18:24:49","date_gmt":"2020-09-17T16:24:49","guid":{"rendered":"https:\/\/euwps02.newsmemory.com\/ilmercoledi\/news\/?p=34321"},"modified":"2020-09-17T18:57:34","modified_gmt":"2020-09-17T16:57:34","slug":"nuovo-ospedale-e-un-sogno-si-investa-sul-santa-croce-la-proposta-di-viscomi","status":"publish","type":"post","link":"https:\/\/www.ilmercoledi.news\/2020\/09\/17\/nuovo-ospedale-e-un-sogno-si-investa-sul-santa-croce-la-proposta-di-viscomi\/","title":{"rendered":"&#8220;Nuovo ospedale di Moncalieri \u00e8 un sogno. Si investa sul Santa Croce&#8221;: la proposta di Viscomi"},"content":{"rendered":"<p>MONCALIERI. La sanit\u00e0 \u00e8 il tema che domina gli ultimi giorni della campagna elettorale per il Comune di Moncalieri. Con una conferenza stampa nel quartier generale dei Moderati il candidato Sindaco Abelio Viscomi ha presentato la propria posizione. <em>\u201cCentrodestra e centrosinistra fanno scintille sul futuro ospedale, parlando di una realizzazione che \u00e8 al di l\u00e0 da venire, se mai avverr\u00e0<\/em> \u2013 afferma &#8211;\u00a0 <em>I cittadini vogliono sapere come si possono curare adesso. Abbiamo l\u2019ospedale Santa Croce che \u00e8 al collasso e rischia di non riuscire a dare le risposte. Per questo noi chiediamo alla Regione di intervenire immediatamente stanziando i fondi necessari per avere un ospedale funzionante, con reparti ammodernati e sale operatorie capaci di funzionare a pieno regime. Questo \u00e8 il primo passo da compiere se si ha a cuore la salute dei moncalieresi\u201d.<\/em><\/p>\n<p><img alt=\"\"Nuovo ospedale di Moncalieri \u00e8 un sogno. Si investa sul Santa Croce\": la proposta di Viscomi\" title=\"\"Nuovo ospedale di Moncalieri \u00e8 un sogno. Si investa sul Santa Croce\": la proposta di Viscomi\" loading=\"lazy\" class=\"wp-image-34324 aligncenter\" src=\"https:\/\/www.ilmercoledi.news\/ilmercoledi\/news\/wp-content\/uploads\/sites\/3\/2020\/09\/moderati-viscomi-300x222.jpg\" alt=\"\" width=\"441\" height=\"327\" srcset=\"https:\/\/euwps05.newsmemory.com\/ilmercoledi\/news\/wp-content\/uploads\/sites\/3\/2020\/09\/moderati-viscomi-300x222.jpg 300w, https:\/\/euwps05.newsmemory.com\/ilmercoledi\/news\/wp-content\/uploads\/sites\/3\/2020\/09\/moderati-viscomi-768x569.jpg 768w, https:\/\/euwps05.newsmemory.com\/ilmercoledi\/news\/wp-content\/uploads\/sites\/3\/2020\/09\/moderati-viscomi-1024x759.jpg 1024w, https:\/\/euwps05.newsmemory.com\/ilmercoledi\/news\/wp-content\/uploads\/sites\/3\/2020\/09\/moderati-viscomi-750x556.jpg 750w\" sizes=\"(max-width: 441px) 100vw, 441px\" \/><\/p>\n<p>Poi allargando l\u2019orizzonte al futuro ospedale unico Abelio Viscomi afferma <em>\u201cE\u2019 da anni che si sbandierano progetti, che si fanno studi e si guerreggia con i Comuni limitrofi sull\u2019area nella quale realizzare l\u2019opera. La Regione ha cambiato pi\u00f9 volte colore politico, facendo continuamente passi avanti e poi retromarce. E\u2019 una telenovela che entrambe le parti hanno contribuito a scrivere, illudendo i cittadini e giocando sulla loro pelle su un argomento come la salute che non pu\u00f2 e non deve avere colore politico. In questi ultimi anni, come forza di maggioranza, abbiamo sollecitato il Sindaco Montagna a compiere atti importanti e decisivi come la variante per l\u2019area Vad\u00f2. Invece di farlo ha preferito parlare di incontri rassicuranti con Chiamparino e Saitta, che non hanno portato a nulla di concreto. E cosi ora la Giunta Cirio ha avuto compito facile smontare il piano e dire che bisogna ricominciare tutto da capo. In questo valzer di promesse, il nuovo ospedale rimane un sogno, che ha avuto l\u2019unico risultato di lasciar degradare sempre pi\u00f9 il Santa Croce. Per questo noi chiediamo che sullo storico ospedale si compiano gli investimenti necessari, perch\u00e9 non si pu\u00f2 andare avanti solo grazie alla grande professionalit\u00e0 di medici e infermieri, che stanno facendo davvero l\u2019impossibile per garantire le cure sanitarie di cui necessitano i cittadini, soprattutto in tempi di assoluta emergenza come questi\u201d.<\/em><\/p>\n","protected":false},"excerpt":{"rendered":"","protected":false},"author":6,"featured_media":34322,"comment_status":"open","ping_status":"closed","sticky":false,"template":"","format":"standard","meta":[],"categories":[119],"tags":[570,568,569],"news-destination":[],"news-source":[],"is_homepage":[],"ta_other":[],"_links":{"self":[{"href":"https:\/\/www.ilmercoledi.news\/ilmercoledi\/news\/wp-json\/wp\/v2\/posts\/34321"}],"collection":[{"href":"https:\/\/www.ilmercoledi.news\/ilmercoledi\/news\/wp-json\/wp\/v2\/posts"}],"about":[{"href":"https:\/\/www.ilmercoledi.news\/ilmercoledi\/news\/wp-json\/wp\/v2\/types\/post"}],"author":[{"embeddable":true,"href":"https:\/\/www.ilmercoledi.news\/ilmercoledi\/news\/wp-json\/wp\/v2\/users\/6"}],"replies":[{"embeddable":true,"href":"https:\/\/www.ilmercoledi.news\/ilmercoledi\/news\/wp-json\/wp\/v2\/comments?post=34321"}],"version-history":[{"count":3,"href":"https:\/\/www.ilmercoledi.news\/ilmercoledi\/news\/wp-json\/wp\/v2\/posts\/34321\/revisions"}],"predecessor-version":[{"id":34333,"href":"https:\/\/www.ilmercoledi.news\/ilmercoledi\/news\/wp-json\/wp\/v2\/posts\/34321\/revisions\/34333"}],"wp:featuredmedia":[{"embeddable":true,"href":"https:\/\/www.ilmercoledi.news\/ilmercoledi\/news\/wp-json\/wp\/v2\/media\/34322"}],"wp:attachment":[{"href":"https:\/\/www.ilmercoledi.news\/ilmercoledi\/news\/wp-json\/wp\/v2\/media?parent=34321"}],"wp:term":[{"taxonomy":"category","embeddable":true,"href":"https:\/\/www.ilmercoledi.news\/ilmercoledi\/news\/wp-json\/wp\/v2\/categories?post=34321"},{"taxonomy":"post_tag","embeddable":true,"href":"https:\/\/www.ilmercoledi.news\/ilmercoledi\/news\/wp-json\/wp\/v2\/tags?post=34321"},{"taxonomy":"news-destination","embeddable":true,"href":"https:\/\/www.ilmercoledi.news\/ilmercoledi\/news\/wp-json\/wp\/v2\/news-destination?post=34321"},{"taxonomy":"news-source","embeddable":true,"href":"https:\/\/www.ilmercoledi.news\/ilmercoledi\/news\/wp-json\/wp\/v2\/news-source?post=34321"},{"taxonomy":"is_homepage","embeddable":true,"href":"https:\/\/www.ilmercoledi.news\/ilmercoledi\/news\/wp-json\/wp\/v2\/is_homepage?post=34321"},{"taxonomy":"ta_other","embeddable":true,"href":"https:\/\/www.ilmercoledi.news\/ilmercoledi\/news\/wp-json\/wp\/v2\/ta_other?post=34321"}],"curies":[{"name":"wp","href":"https:\/\/api.w.org\/{rel}","templated":true}]}}