{"id":3495,"date":"2018-03-07T18:24:28","date_gmt":"2018-03-07T17:24:28","guid":{"rendered":"http:\/\/euwps02.tecnavia.com\/ilmercoledi\/news\/?p=3495"},"modified":"2018-03-07T18:24:29","modified_gmt":"2018-03-07T17:24:29","slug":"veri-driver-un-corso-gratuito-diventarlo","status":"publish","type":"post","link":"https:\/\/www.ilmercoledi.news\/2018\/03\/07\/veri-driver-un-corso-gratuito-diventarlo\/","title":{"rendered":"Veri driver? Un corso gratuito per diventarlo"},"content":{"rendered":"<p>MONCALIERI &#8211; Presso l\u2019Automobile Club Cuneo (Piazza Europa 5) si stanno raccogliendo le prenotazioni per prendere parte al corso di \u201cprima licenza\u201d, ovvero per chi desidera avvicinarsi al mondo dello sport automobilistico in veste di concorrente\/conduttore. Le prenotazioni si chiudono luned\u00ec 12 marzo. Il corso \u00e8 completamente gratuito ed \u00e8 in programma per marted\u00ec 13 marzo alle ore 20,30 presso la sede dell\u2019Automobile Club Cuneo. Per maggiori informazioni \u00e8 possibile telefonare al numero 334\/3281104 o scrivere all\u2019indirizzo email ufficiosportivo@acicuneo.it.<\/p>\n","protected":false},"excerpt":{"rendered":"","protected":false},"author":10,"featured_media":3496,"comment_status":"open","ping_status":"closed","sticky":false,"template":"","format":"standard","meta":[],"categories":[10],"tags":[],"news-destination":[],"news-source":[],"is_homepage":[],"ta_other":[],"_links":{"self":[{"href":"https:\/\/www.ilmercoledi.news\/ilmercoledi\/news\/wp-json\/wp\/v2\/posts\/3495"}],"collection":[{"href":"https:\/\/www.ilmercoledi.news\/ilmercoledi\/news\/wp-json\/wp\/v2\/posts"}],"about":[{"href":"https:\/\/www.ilmercoledi.news\/ilmercoledi\/news\/wp-json\/wp\/v2\/types\/post"}],"author":[{"embeddable":true,"href":"https:\/\/www.ilmercoledi.news\/ilmercoledi\/news\/wp-json\/wp\/v2\/users\/10"}],"replies":[{"embeddable":true,"href":"https:\/\/www.ilmercoledi.news\/ilmercoledi\/news\/wp-json\/wp\/v2\/comments?post=3495"}],"version-history":[{"count":1,"href":"https:\/\/www.ilmercoledi.news\/ilmercoledi\/news\/wp-json\/wp\/v2\/posts\/3495\/revisions"}],"predecessor-version":[{"id":3497,"href":"https:\/\/www.ilmercoledi.news\/ilmercoledi\/news\/wp-json\/wp\/v2\/posts\/3495\/revisions\/3497"}],"wp:featuredmedia":[{"embeddable":true,"href":"https:\/\/www.ilmercoledi.news\/ilmercoledi\/news\/wp-json\/wp\/v2\/media\/3496"}],"wp:attachment":[{"href":"https:\/\/www.ilmercoledi.news\/ilmercoledi\/news\/wp-json\/wp\/v2\/media?parent=3495"}],"wp:term":[{"taxonomy":"category","embeddable":true,"href":"https:\/\/www.ilmercoledi.news\/ilmercoledi\/news\/wp-json\/wp\/v2\/categories?post=3495"},{"taxonomy":"post_tag","embeddable":true,"href":"https:\/\/www.ilmercoledi.news\/ilmercoledi\/news\/wp-json\/wp\/v2\/tags?post=3495"},{"taxonomy":"news-destination","embeddable":true,"href":"https:\/\/www.ilmercoledi.news\/ilmercoledi\/news\/wp-json\/wp\/v2\/news-destination?post=3495"},{"taxonomy":"news-source","embeddable":true,"href":"https:\/\/www.ilmercoledi.news\/ilmercoledi\/news\/wp-json\/wp\/v2\/news-source?post=3495"},{"taxonomy":"is_homepage","embeddable":true,"href":"https:\/\/www.ilmercoledi.news\/ilmercoledi\/news\/wp-json\/wp\/v2\/is_homepage?post=3495"},{"taxonomy":"ta_other","embeddable":true,"href":"https:\/\/www.ilmercoledi.news\/ilmercoledi\/news\/wp-json\/wp\/v2\/ta_other?post=3495"}],"curies":[{"name":"wp","href":"https:\/\/api.w.org\/{rel}","templated":true}]}}