{"id":35122,"date":"2020-10-13T16:12:44","date_gmt":"2020-10-13T14:12:44","guid":{"rendered":"https:\/\/euwps02.newsmemory.com\/ilmercoledi\/news\/?p=35122"},"modified":"2020-10-13T16:12:48","modified_gmt":"2020-10-13T14:12:48","slug":"vinovo-il-sindaco-guerrini-positivo-al-covid","status":"publish","type":"post","link":"https:\/\/www.ilmercoledi.news\/2020\/10\/13\/vinovo-il-sindaco-guerrini-positivo-al-covid\/","title":{"rendered":"VINOVO &#8211; Il sindaco Guerrini positivo al covid"},"content":{"rendered":"<p>Il sindaco di Vinovo, Gianfranco Guerrini, \u00e8 risultato positivo al covid. Lo ha comunicato lui stesso, in una nota che ha provveduto a diffondere sul suo profilo ufficiale Facebook: &#8220;A tutela di tutte le persone che quotidianamente incontro nella mia veste di sindaco -spiega il primo cittadino-,\u00a0 avendo accusato qualche linea di febbre, venerd\u00ec scorso mi sono sottoposto a tampone per verificare la positivit\u00e0 al Covid-19.L&#8217;esito dello stesso \u00e8 risultato positivo.Rassicuro subito tutti sul mio stato di salute: sto bene, non ho sintomi se non una lieve febbre durata un paio di giorni.Ho potuto cos\u00ec testare di persona l&#8217;efficienza del nostro servizio sanitario, a partire dall&#8217;attenzione del mio Medico di Medicina Generale, passando poi al centro pubblico dove ho eseguito il tampone dopo un\u2019attesa di un paio d\u2019ore dovuta alla presenza di molte persone.Nonostante alcune difficolt\u00e0 generali, il sistema sanitario nel suo complesso funziona e tutti gli operatori sanitari stanno facendo il massimo sforzo per tenere il pi\u00f9 possibile sotto controllo l&#8217;attuale pandemia.Tutti noi per\u00f2 dobbiamo fare la nostra parte, continuando a prestare la massima attenzione e ad osservare le gi\u00e0 note misure di prevenzione.Come prescritto dalla legge osserver\u00f2 un periodo di isolamento domiciliare garantendo comunque, tramite web, costanti collegamenti con gli uffici comunali affinch\u00e9l\u2019azione amministrativa non abbia alcun rallentamento.Come ho sempre sostenuto non si lavora mai da soli, sono certo che i miei collaboratori (Vice Sindaco, Assessori e Consiglieri Comunali) nonch\u00e9 tutte le donne e gli uomini che compongono la struttura comunale, sapranno in questo periodo dare continuit\u00e0 alle diverse iniziative previste e garantire al meglio tutti i servizi.Con la convinzione di poterci rivedere presto di persona&#8221;.<\/p>\n","protected":false},"excerpt":{"rendered":"","protected":false},"author":11,"featured_media":19038,"comment_status":"open","ping_status":"closed","sticky":false,"template":"","format":"standard","meta":[],"categories":[34],"tags":[],"news-destination":[],"news-source":[],"is_homepage":[],"ta_other":[],"_links":{"self":[{"href":"https:\/\/www.ilmercoledi.news\/ilmercoledi\/news\/wp-json\/wp\/v2\/posts\/35122"}],"collection":[{"href":"https:\/\/www.ilmercoledi.news\/ilmercoledi\/news\/wp-json\/wp\/v2\/posts"}],"about":[{"href":"https:\/\/www.ilmercoledi.news\/ilmercoledi\/news\/wp-json\/wp\/v2\/types\/post"}],"author":[{"embeddable":true,"href":"https:\/\/www.ilmercoledi.news\/ilmercoledi\/news\/wp-json\/wp\/v2\/users\/11"}],"replies":[{"embeddable":true,"href":"https:\/\/www.ilmercoledi.news\/ilmercoledi\/news\/wp-json\/wp\/v2\/comments?post=35122"}],"version-history":[{"count":1,"href":"https:\/\/www.ilmercoledi.news\/ilmercoledi\/news\/wp-json\/wp\/v2\/posts\/35122\/revisions"}],"predecessor-version":[{"id":35123,"href":"https:\/\/www.ilmercoledi.news\/ilmercoledi\/news\/wp-json\/wp\/v2\/posts\/35122\/revisions\/35123"}],"wp:featuredmedia":[{"embeddable":true,"href":"https:\/\/www.ilmercoledi.news\/ilmercoledi\/news\/wp-json\/wp\/v2\/media\/19038"}],"wp:attachment":[{"href":"https:\/\/www.ilmercoledi.news\/ilmercoledi\/news\/wp-json\/wp\/v2\/media?parent=35122"}],"wp:term":[{"taxonomy":"category","embeddable":true,"href":"https:\/\/www.ilmercoledi.news\/ilmercoledi\/news\/wp-json\/wp\/v2\/categories?post=35122"},{"taxonomy":"post_tag","embeddable":true,"href":"https:\/\/www.ilmercoledi.news\/ilmercoledi\/news\/wp-json\/wp\/v2\/tags?post=35122"},{"taxonomy":"news-destination","embeddable":true,"href":"https:\/\/www.ilmercoledi.news\/ilmercoledi\/news\/wp-json\/wp\/v2\/news-destination?post=35122"},{"taxonomy":"news-source","embeddable":true,"href":"https:\/\/www.ilmercoledi.news\/ilmercoledi\/news\/wp-json\/wp\/v2\/news-source?post=35122"},{"taxonomy":"is_homepage","embeddable":true,"href":"https:\/\/www.ilmercoledi.news\/ilmercoledi\/news\/wp-json\/wp\/v2\/is_homepage?post=35122"},{"taxonomy":"ta_other","embeddable":true,"href":"https:\/\/www.ilmercoledi.news\/ilmercoledi\/news\/wp-json\/wp\/v2\/ta_other?post=35122"}],"curies":[{"name":"wp","href":"https:\/\/api.w.org\/{rel}","templated":true}]}}