{"id":3598,"date":"2018-03-09T11:40:09","date_gmt":"2018-03-09T10:40:09","guid":{"rendered":"http:\/\/euwps02.tecnavia.com\/ilmercoledi\/news\/?p=3598"},"modified":"2018-03-09T11:40:10","modified_gmt":"2018-03-09T10:40:10","slug":"aumentano-posti-nello-alla-dialisi-chieri","status":"publish","type":"post","link":"https:\/\/www.ilmercoledi.news\/2018\/03\/09\/aumentano-posti-nello-alla-dialisi-chieri\/","title":{"rendered":"Aumentano i posti nello alla Dialisi di Chieri"},"content":{"rendered":"<p>Sono stati attivati i nuovi spazi dedicati alla Dialisi nella struttura di Nefrologia dell\u2019ospedale Maggiore di Chieri. Sono aumentati di 9 unit\u00e0, infatti, i posti letto di cui 5 di incremento e 4\u00a0 sono frutto di uno spostamento da altre sale dialisi. \u201cQuesto comporta un miglioramento qualit\u00e0 della vita del paziente e del servizio che evita l\u2019istituzione di un turno notturno\u201d ha commentato con soddisfazione Mario Salomone, direttore della struttura di nefrologia.<\/p>\n<p>Questo ha comportato un significativo investimento di attrezzature e impiantistica (circa 100mila euro). L\u2019attivit\u00e0, negli ultimi tempi \u00e8 aumentata del 20% pertanto questo ampliamento era necessario per consentire un migliore servizio in spazi pi\u00f9 consoni.<\/p>\n<p>\u201cSi tratta di un ampliamento che era stato previsto per far fronte al crescente numero di pazienti che si rivolgono alla nostra struttura \u2013 ha detto Massimo Uberti, direttore generale dell\u2019Asl TO5 -. Siamo certi che i nuovi spazi garantiranno una migliore erogazione del servizio e un maggior comfort per i pazienti\u201d.<\/p>\n","protected":false},"excerpt":{"rendered":"","protected":false},"author":7,"featured_media":3599,"comment_status":"open","ping_status":"closed","sticky":false,"template":"","format":"standard","meta":[],"categories":[34],"tags":[],"news-destination":[],"news-source":[],"is_homepage":[],"ta_other":[],"_links":{"self":[{"href":"https:\/\/www.ilmercoledi.news\/ilmercoledi\/news\/wp-json\/wp\/v2\/posts\/3598"}],"collection":[{"href":"https:\/\/www.ilmercoledi.news\/ilmercoledi\/news\/wp-json\/wp\/v2\/posts"}],"about":[{"href":"https:\/\/www.ilmercoledi.news\/ilmercoledi\/news\/wp-json\/wp\/v2\/types\/post"}],"author":[{"embeddable":true,"href":"https:\/\/www.ilmercoledi.news\/ilmercoledi\/news\/wp-json\/wp\/v2\/users\/7"}],"replies":[{"embeddable":true,"href":"https:\/\/www.ilmercoledi.news\/ilmercoledi\/news\/wp-json\/wp\/v2\/comments?post=3598"}],"version-history":[{"count":1,"href":"https:\/\/www.ilmercoledi.news\/ilmercoledi\/news\/wp-json\/wp\/v2\/posts\/3598\/revisions"}],"predecessor-version":[{"id":3600,"href":"https:\/\/www.ilmercoledi.news\/ilmercoledi\/news\/wp-json\/wp\/v2\/posts\/3598\/revisions\/3600"}],"wp:featuredmedia":[{"embeddable":true,"href":"https:\/\/www.ilmercoledi.news\/ilmercoledi\/news\/wp-json\/wp\/v2\/media\/3599"}],"wp:attachment":[{"href":"https:\/\/www.ilmercoledi.news\/ilmercoledi\/news\/wp-json\/wp\/v2\/media?parent=3598"}],"wp:term":[{"taxonomy":"category","embeddable":true,"href":"https:\/\/www.ilmercoledi.news\/ilmercoledi\/news\/wp-json\/wp\/v2\/categories?post=3598"},{"taxonomy":"post_tag","embeddable":true,"href":"https:\/\/www.ilmercoledi.news\/ilmercoledi\/news\/wp-json\/wp\/v2\/tags?post=3598"},{"taxonomy":"news-destination","embeddable":true,"href":"https:\/\/www.ilmercoledi.news\/ilmercoledi\/news\/wp-json\/wp\/v2\/news-destination?post=3598"},{"taxonomy":"news-source","embeddable":true,"href":"https:\/\/www.ilmercoledi.news\/ilmercoledi\/news\/wp-json\/wp\/v2\/news-source?post=3598"},{"taxonomy":"is_homepage","embeddable":true,"href":"https:\/\/www.ilmercoledi.news\/ilmercoledi\/news\/wp-json\/wp\/v2\/is_homepage?post=3598"},{"taxonomy":"ta_other","embeddable":true,"href":"https:\/\/www.ilmercoledi.news\/ilmercoledi\/news\/wp-json\/wp\/v2\/ta_other?post=3598"}],"curies":[{"name":"wp","href":"https:\/\/api.w.org\/{rel}","templated":true}]}}