{"id":36079,"date":"2020-11-12T12:04:32","date_gmt":"2020-11-12T11:04:32","guid":{"rendered":"https:\/\/euwps02.newsmemory.com\/ilmercoledi\/news\/?p=36079"},"modified":"2020-11-13T09:09:44","modified_gmt":"2020-11-13T08:09:44","slug":"domani-lutto-cittadino-a-carignano","status":"publish","type":"post","link":"https:\/\/www.ilmercoledi.news\/2020\/11\/12\/domani-lutto-cittadino-a-carignano\/","title":{"rendered":"Oggi lutto cittadino a Carignano"},"content":{"rendered":"<p>Oggi \u00e8 lutto cittadino a Carignano. Lo ha deciso il sindaco Albertino per commemorare la tragedia di frazione Ceretto e l&#8217;uccisione da parte di Alberto Accastello della moglie Barbara Gargano e dei due gemellini di due anni, Alessandro e Aurora, deceduta ieri al Regina Margherita dopo aver lottato per due giorni contro la morte.<\/p>\n<p>&#8220;Un lutto cittadino di tre ore, dalle 1o alle 13, in cui vogliamo inviare alla cittadinanza un messaggio chiaro: Quanto \u00e8 accaduto non doveva succedere, non \u00e8 giustificabile nel modo pi\u00f9 assoluto&#8221;, commenta Albertino. Alle 11 ci sar\u00e0 un minuto di silenzio a palazzo comunale, con la bandiera a mezz&#8217;asta e l&#8217;invito ai commercianti ad abbassare le saracinesche.<\/p>\n","protected":false},"excerpt":{"rendered":"","protected":false},"author":7,"featured_media":0,"comment_status":"open","ping_status":"closed","sticky":false,"template":"","format":"standard","meta":[],"categories":[8],"tags":[],"news-destination":[],"news-source":[],"is_homepage":[],"ta_other":[],"_links":{"self":[{"href":"https:\/\/www.ilmercoledi.news\/ilmercoledi\/news\/wp-json\/wp\/v2\/posts\/36079"}],"collection":[{"href":"https:\/\/www.ilmercoledi.news\/ilmercoledi\/news\/wp-json\/wp\/v2\/posts"}],"about":[{"href":"https:\/\/www.ilmercoledi.news\/ilmercoledi\/news\/wp-json\/wp\/v2\/types\/post"}],"author":[{"embeddable":true,"href":"https:\/\/www.ilmercoledi.news\/ilmercoledi\/news\/wp-json\/wp\/v2\/users\/7"}],"replies":[{"embeddable":true,"href":"https:\/\/www.ilmercoledi.news\/ilmercoledi\/news\/wp-json\/wp\/v2\/comments?post=36079"}],"version-history":[{"count":4,"href":"https:\/\/www.ilmercoledi.news\/ilmercoledi\/news\/wp-json\/wp\/v2\/posts\/36079\/revisions"}],"predecessor-version":[{"id":36106,"href":"https:\/\/www.ilmercoledi.news\/ilmercoledi\/news\/wp-json\/wp\/v2\/posts\/36079\/revisions\/36106"}],"wp:attachment":[{"href":"https:\/\/www.ilmercoledi.news\/ilmercoledi\/news\/wp-json\/wp\/v2\/media?parent=36079"}],"wp:term":[{"taxonomy":"category","embeddable":true,"href":"https:\/\/www.ilmercoledi.news\/ilmercoledi\/news\/wp-json\/wp\/v2\/categories?post=36079"},{"taxonomy":"post_tag","embeddable":true,"href":"https:\/\/www.ilmercoledi.news\/ilmercoledi\/news\/wp-json\/wp\/v2\/tags?post=36079"},{"taxonomy":"news-destination","embeddable":true,"href":"https:\/\/www.ilmercoledi.news\/ilmercoledi\/news\/wp-json\/wp\/v2\/news-destination?post=36079"},{"taxonomy":"news-source","embeddable":true,"href":"https:\/\/www.ilmercoledi.news\/ilmercoledi\/news\/wp-json\/wp\/v2\/news-source?post=36079"},{"taxonomy":"is_homepage","embeddable":true,"href":"https:\/\/www.ilmercoledi.news\/ilmercoledi\/news\/wp-json\/wp\/v2\/is_homepage?post=36079"},{"taxonomy":"ta_other","embeddable":true,"href":"https:\/\/www.ilmercoledi.news\/ilmercoledi\/news\/wp-json\/wp\/v2\/ta_other?post=36079"}],"curies":[{"name":"wp","href":"https:\/\/api.w.org\/{rel}","templated":true}]}}