{"id":36150,"date":"2020-11-16T20:17:45","date_gmt":"2020-11-16T19:17:45","guid":{"rendered":"https:\/\/euwps02.newsmemory.com\/ilmercoledi\/news\/?p=36150"},"modified":"2020-11-16T20:17:49","modified_gmt":"2020-11-16T19:17:49","slug":"nichelino-riparte-il-servizio-della-cultura-dasporto","status":"publish","type":"post","link":"https:\/\/www.ilmercoledi.news\/2020\/11\/16\/nichelino-riparte-il-servizio-della-cultura-dasporto\/","title":{"rendered":"NICHELINO &#8211; Riparte il servizio della &#8220;cultura d&#8217;asporto&#8221;"},"content":{"rendered":"<p>Sar\u00e0 riattivato da mercoled\u00ec 18 novembre il servizio \u201cCultura d&#8217;Asporto\u201d a Nichelino. In considerazione della chiusura delle biblioteche stabilita dal Governo con l&#8217;ultimo Dpcm per prevenire rischi contagi da Covid 19, torna la possibilit\u00e0 di prenotare i libri che poi saranno portati a casa da volontari del &#8220;Circolo Primo Maggio&#8221; in bicicletta. I volontari indosseranno la pettorina rossa e trasporteranno i libri richiesti in borse dello stesso colore. Il servizio sar\u00e0 gestito dalla biblioteca civica Giovanni Arpino in collaborazione con il Circolo Primo Maggio. La consegna \u00e8 prevista il luned\u00ec, il mercoled\u00ec e il venerd\u00ec. Il servizio \u00e8 riservato agli utenti residenti a Nichelino. I libri si potranno prenotare telefonando al numero 011 6270047, tramite e-mail a biblioteca@comune.nichelino.to.it. Il servizio di prenotazione telefonica sar\u00e0 attivo da luned\u00ec a venerd\u00ec, dalle ore 9 alle ore 13. Si potranno prenotare fino a 5 libri.<\/p>\n","protected":false},"excerpt":{"rendered":"","protected":false},"author":11,"featured_media":2609,"comment_status":"open","ping_status":"closed","sticky":false,"template":"","format":"standard","meta":[],"categories":[34],"tags":[],"news-destination":[],"news-source":[],"is_homepage":[],"ta_other":[],"_links":{"self":[{"href":"https:\/\/www.ilmercoledi.news\/ilmercoledi\/news\/wp-json\/wp\/v2\/posts\/36150"}],"collection":[{"href":"https:\/\/www.ilmercoledi.news\/ilmercoledi\/news\/wp-json\/wp\/v2\/posts"}],"about":[{"href":"https:\/\/www.ilmercoledi.news\/ilmercoledi\/news\/wp-json\/wp\/v2\/types\/post"}],"author":[{"embeddable":true,"href":"https:\/\/www.ilmercoledi.news\/ilmercoledi\/news\/wp-json\/wp\/v2\/users\/11"}],"replies":[{"embeddable":true,"href":"https:\/\/www.ilmercoledi.news\/ilmercoledi\/news\/wp-json\/wp\/v2\/comments?post=36150"}],"version-history":[{"count":1,"href":"https:\/\/www.ilmercoledi.news\/ilmercoledi\/news\/wp-json\/wp\/v2\/posts\/36150\/revisions"}],"predecessor-version":[{"id":36151,"href":"https:\/\/www.ilmercoledi.news\/ilmercoledi\/news\/wp-json\/wp\/v2\/posts\/36150\/revisions\/36151"}],"wp:featuredmedia":[{"embeddable":true,"href":"https:\/\/www.ilmercoledi.news\/ilmercoledi\/news\/wp-json\/wp\/v2\/media\/2609"}],"wp:attachment":[{"href":"https:\/\/www.ilmercoledi.news\/ilmercoledi\/news\/wp-json\/wp\/v2\/media?parent=36150"}],"wp:term":[{"taxonomy":"category","embeddable":true,"href":"https:\/\/www.ilmercoledi.news\/ilmercoledi\/news\/wp-json\/wp\/v2\/categories?post=36150"},{"taxonomy":"post_tag","embeddable":true,"href":"https:\/\/www.ilmercoledi.news\/ilmercoledi\/news\/wp-json\/wp\/v2\/tags?post=36150"},{"taxonomy":"news-destination","embeddable":true,"href":"https:\/\/www.ilmercoledi.news\/ilmercoledi\/news\/wp-json\/wp\/v2\/news-destination?post=36150"},{"taxonomy":"news-source","embeddable":true,"href":"https:\/\/www.ilmercoledi.news\/ilmercoledi\/news\/wp-json\/wp\/v2\/news-source?post=36150"},{"taxonomy":"is_homepage","embeddable":true,"href":"https:\/\/www.ilmercoledi.news\/ilmercoledi\/news\/wp-json\/wp\/v2\/is_homepage?post=36150"},{"taxonomy":"ta_other","embeddable":true,"href":"https:\/\/www.ilmercoledi.news\/ilmercoledi\/news\/wp-json\/wp\/v2\/ta_other?post=36150"}],"curies":[{"name":"wp","href":"https:\/\/api.w.org\/{rel}","templated":true}]}}