{"id":37542,"date":"2021-01-02T18:35:29","date_gmt":"2021-01-02T17:35:29","guid":{"rendered":"https:\/\/euwps02.newsmemory.com\/ilmercoledi\/news\/?p=37542"},"modified":"2021-01-02T18:35:33","modified_gmt":"2021-01-02T17:35:33","slug":"sanita-influenza-stagionale-vaccinati-in-864-mila","status":"publish","type":"post","link":"https:\/\/www.ilmercoledi.news\/2021\/01\/02\/sanita-influenza-stagionale-vaccinati-in-864-mila\/","title":{"rendered":"SANITA&#8217; &#8211; Influenza stagionale: vaccinati in 864 mila"},"content":{"rendered":"<p>Sono quasi\u00a0864 mila i piemontesi al momento vaccinati contro il virus dell&#8217;influenza stagionale.<\/p>\n<p>Per l\u2019assessore regionale alla Sanit\u00e0,\u00a0Luigi Icardi, \u201c\u00e8 un\u00a0bilancio molto positivo, che ripaga dei tanti sforzi compiuti per organizzare questa inedita e strategica campagna vaccinale. I medici di medicina generale hanno portato a termine le vaccinazioni programmate a tutti i soggetti aventi diritto che ne hanno fatto richiesta e conservano la disponibilit\u00e0 di un numero di dosi sufficiente per esaudire eventuali, ulteriori richieste. In pi\u00f9, alle farmacie sono state riservate quasi il doppio delle 16 mila 500 dosi concordate all\u2019inizio della campagna vaccinale per chiunque ne faccia richiesta tra le categorie non a rischio\u201d.<\/p>\n<p>Icardi ricorda anche le 100 mila dosi di vaccino ancora presenti nei frigoriferi dei medici di medicina generale pronte per essere somministrate, le ulteriori 38.438 dosi dislocate nei magazzini della sanit\u00e0 regionale, le 29.286 dosi messe a disposizione delle farmacie per la vendita al pubblico, previa ricetta medica.<\/p>\n<p>Numeri che fanno dire all\u2019assessore che \u201cle nostre previsioni risultano perfettamente rispettate: avevamo ordinato un milione e 100 mila dosi, con la possibilit\u00e0 di ottenerne all&#8217;occorrenza 220 mila in pi\u00f9. Ne abbiamo avute dalla ditta appaltatrice 1.086.679, riuscendo a far fronte a tutte le necessit\u00e0 e con una discreta scorta per chi volesse ancora vaccinarsi\u201d.<\/p>\n","protected":false},"excerpt":{"rendered":"","protected":false},"author":11,"featured_media":2700,"comment_status":"open","ping_status":"closed","sticky":false,"template":"","format":"standard","meta":[],"categories":[34],"tags":[],"news-destination":[],"news-source":[],"is_homepage":[],"ta_other":[],"_links":{"self":[{"href":"https:\/\/www.ilmercoledi.news\/ilmercoledi\/news\/wp-json\/wp\/v2\/posts\/37542"}],"collection":[{"href":"https:\/\/www.ilmercoledi.news\/ilmercoledi\/news\/wp-json\/wp\/v2\/posts"}],"about":[{"href":"https:\/\/www.ilmercoledi.news\/ilmercoledi\/news\/wp-json\/wp\/v2\/types\/post"}],"author":[{"embeddable":true,"href":"https:\/\/www.ilmercoledi.news\/ilmercoledi\/news\/wp-json\/wp\/v2\/users\/11"}],"replies":[{"embeddable":true,"href":"https:\/\/www.ilmercoledi.news\/ilmercoledi\/news\/wp-json\/wp\/v2\/comments?post=37542"}],"version-history":[{"count":1,"href":"https:\/\/www.ilmercoledi.news\/ilmercoledi\/news\/wp-json\/wp\/v2\/posts\/37542\/revisions"}],"predecessor-version":[{"id":37543,"href":"https:\/\/www.ilmercoledi.news\/ilmercoledi\/news\/wp-json\/wp\/v2\/posts\/37542\/revisions\/37543"}],"wp:featuredmedia":[{"embeddable":true,"href":"https:\/\/www.ilmercoledi.news\/ilmercoledi\/news\/wp-json\/wp\/v2\/media\/2700"}],"wp:attachment":[{"href":"https:\/\/www.ilmercoledi.news\/ilmercoledi\/news\/wp-json\/wp\/v2\/media?parent=37542"}],"wp:term":[{"taxonomy":"category","embeddable":true,"href":"https:\/\/www.ilmercoledi.news\/ilmercoledi\/news\/wp-json\/wp\/v2\/categories?post=37542"},{"taxonomy":"post_tag","embeddable":true,"href":"https:\/\/www.ilmercoledi.news\/ilmercoledi\/news\/wp-json\/wp\/v2\/tags?post=37542"},{"taxonomy":"news-destination","embeddable":true,"href":"https:\/\/www.ilmercoledi.news\/ilmercoledi\/news\/wp-json\/wp\/v2\/news-destination?post=37542"},{"taxonomy":"news-source","embeddable":true,"href":"https:\/\/www.ilmercoledi.news\/ilmercoledi\/news\/wp-json\/wp\/v2\/news-source?post=37542"},{"taxonomy":"is_homepage","embeddable":true,"href":"https:\/\/www.ilmercoledi.news\/ilmercoledi\/news\/wp-json\/wp\/v2\/is_homepage?post=37542"},{"taxonomy":"ta_other","embeddable":true,"href":"https:\/\/www.ilmercoledi.news\/ilmercoledi\/news\/wp-json\/wp\/v2\/ta_other?post=37542"}],"curies":[{"name":"wp","href":"https:\/\/api.w.org\/{rel}","templated":true}]}}