{"id":3770,"date":"2018-03-14T08:12:07","date_gmt":"2018-03-14T07:12:07","guid":{"rendered":"http:\/\/euwps02.tecnavia.com\/ilmercoledi\/news\/?p=3770"},"modified":"2018-03-14T08:12:09","modified_gmt":"2018-03-14T07:12:09","slug":"corso-regina-torino-si-riaccende-lautovelox-due-anni","status":"publish","type":"post","link":"https:\/\/www.ilmercoledi.news\/2018\/03\/14\/corso-regina-torino-si-riaccende-lautovelox-due-anni\/","title":{"rendered":"In corso Regina, a Torino, si riaccende l&#8217;autovelox dopo due anni"},"content":{"rendered":"<p>Da Gioved\u00ec 15 marzo sar\u00e0 nuovamente attivo l&#8217;autovelox in corso Regina Margherita, a Torino. Tutti coloro che ogni mattina percorrono la tangenziale ed escono allo svincolo che porta verso il centro del capoluogo dovranno nuovamente prestare attenzione ai dispositivi di rilevamento velocit\u00e0, fermi dal 2016 a causa di un guasto a dei componenti che sul mercato non si trovavano pi\u00f9. Il Comune di Torino ha cos\u00ec dovuto cambiare tutto il macchinario in blocco, sborsando circa 200 mila euro. Il limite di velocit\u00e0 resta a 70 km\/h<\/p>\n","protected":false},"excerpt":{"rendered":"","protected":false},"author":11,"featured_media":3771,"comment_status":"open","ping_status":"closed","sticky":false,"template":"","format":"standard","meta":[],"categories":[34],"tags":[],"news-destination":[],"news-source":[],"is_homepage":[],"ta_other":[],"_links":{"self":[{"href":"https:\/\/www.ilmercoledi.news\/ilmercoledi\/news\/wp-json\/wp\/v2\/posts\/3770"}],"collection":[{"href":"https:\/\/www.ilmercoledi.news\/ilmercoledi\/news\/wp-json\/wp\/v2\/posts"}],"about":[{"href":"https:\/\/www.ilmercoledi.news\/ilmercoledi\/news\/wp-json\/wp\/v2\/types\/post"}],"author":[{"embeddable":true,"href":"https:\/\/www.ilmercoledi.news\/ilmercoledi\/news\/wp-json\/wp\/v2\/users\/11"}],"replies":[{"embeddable":true,"href":"https:\/\/www.ilmercoledi.news\/ilmercoledi\/news\/wp-json\/wp\/v2\/comments?post=3770"}],"version-history":[{"count":1,"href":"https:\/\/www.ilmercoledi.news\/ilmercoledi\/news\/wp-json\/wp\/v2\/posts\/3770\/revisions"}],"predecessor-version":[{"id":3772,"href":"https:\/\/www.ilmercoledi.news\/ilmercoledi\/news\/wp-json\/wp\/v2\/posts\/3770\/revisions\/3772"}],"wp:featuredmedia":[{"embeddable":true,"href":"https:\/\/www.ilmercoledi.news\/ilmercoledi\/news\/wp-json\/wp\/v2\/media\/3771"}],"wp:attachment":[{"href":"https:\/\/www.ilmercoledi.news\/ilmercoledi\/news\/wp-json\/wp\/v2\/media?parent=3770"}],"wp:term":[{"taxonomy":"category","embeddable":true,"href":"https:\/\/www.ilmercoledi.news\/ilmercoledi\/news\/wp-json\/wp\/v2\/categories?post=3770"},{"taxonomy":"post_tag","embeddable":true,"href":"https:\/\/www.ilmercoledi.news\/ilmercoledi\/news\/wp-json\/wp\/v2\/tags?post=3770"},{"taxonomy":"news-destination","embeddable":true,"href":"https:\/\/www.ilmercoledi.news\/ilmercoledi\/news\/wp-json\/wp\/v2\/news-destination?post=3770"},{"taxonomy":"news-source","embeddable":true,"href":"https:\/\/www.ilmercoledi.news\/ilmercoledi\/news\/wp-json\/wp\/v2\/news-source?post=3770"},{"taxonomy":"is_homepage","embeddable":true,"href":"https:\/\/www.ilmercoledi.news\/ilmercoledi\/news\/wp-json\/wp\/v2\/is_homepage?post=3770"},{"taxonomy":"ta_other","embeddable":true,"href":"https:\/\/www.ilmercoledi.news\/ilmercoledi\/news\/wp-json\/wp\/v2\/ta_other?post=3770"}],"curies":[{"name":"wp","href":"https:\/\/api.w.org\/{rel}","templated":true}]}}