{"id":37712,"date":"2021-01-06T14:48:50","date_gmt":"2021-01-06T13:48:50","guid":{"rendered":"https:\/\/euwps02.newsmemory.com\/ilmercoledi\/news\/?p=37712"},"modified":"2021-01-07T07:37:19","modified_gmt":"2021-01-07T06:37:19","slug":"nichelino-carmen-bonino-vaccinata-contro-il-covid","status":"publish","type":"post","link":"https:\/\/www.ilmercoledi.news\/2021\/01\/06\/nichelino-carmen-bonino-vaccinata-contro-il-covid\/","title":{"rendered":"NICHELINO &#8211; Carmen Bonino vaccinata contro il Covid"},"content":{"rendered":"<p>La consigliera comunale di Nichelino e dottoressa di base Carmen Bonino \u00e8 stata tra i medici che si sono sottoposti al vaccino. &#8220;Oggi sono stata sottoposta alla prima dose di vaccino antiCovid, come medico ho l\u2019obbligo di difendere me stessa e gli altri e di essere esempio di responsabilit\u00e0 e speranza. \u00c8 una buona giornata, ora possiamo pensare che la battaglia contro il virus non \u00e8 pi\u00f9 a mani nude e che la possiamo vincere. Voglio ringraziare gli operatori dell\u2019ASL To 5, mi hanno accolto con competenza, professionalit\u00e0 e tanta gentilezza&#8221;.<\/p>\n","protected":false},"excerpt":{"rendered":"","protected":false},"author":11,"featured_media":37713,"comment_status":"open","ping_status":"closed","sticky":false,"template":"","format":"standard","meta":[],"categories":[34],"tags":[],"news-destination":[],"news-source":[],"is_homepage":[],"ta_other":[],"_links":{"self":[{"href":"https:\/\/www.ilmercoledi.news\/ilmercoledi\/news\/wp-json\/wp\/v2\/posts\/37712"}],"collection":[{"href":"https:\/\/www.ilmercoledi.news\/ilmercoledi\/news\/wp-json\/wp\/v2\/posts"}],"about":[{"href":"https:\/\/www.ilmercoledi.news\/ilmercoledi\/news\/wp-json\/wp\/v2\/types\/post"}],"author":[{"embeddable":true,"href":"https:\/\/www.ilmercoledi.news\/ilmercoledi\/news\/wp-json\/wp\/v2\/users\/11"}],"replies":[{"embeddable":true,"href":"https:\/\/www.ilmercoledi.news\/ilmercoledi\/news\/wp-json\/wp\/v2\/comments?post=37712"}],"version-history":[{"count":1,"href":"https:\/\/www.ilmercoledi.news\/ilmercoledi\/news\/wp-json\/wp\/v2\/posts\/37712\/revisions"}],"predecessor-version":[{"id":37714,"href":"https:\/\/www.ilmercoledi.news\/ilmercoledi\/news\/wp-json\/wp\/v2\/posts\/37712\/revisions\/37714"}],"wp:featuredmedia":[{"embeddable":true,"href":"https:\/\/www.ilmercoledi.news\/ilmercoledi\/news\/wp-json\/wp\/v2\/media\/37713"}],"wp:attachment":[{"href":"https:\/\/www.ilmercoledi.news\/ilmercoledi\/news\/wp-json\/wp\/v2\/media?parent=37712"}],"wp:term":[{"taxonomy":"category","embeddable":true,"href":"https:\/\/www.ilmercoledi.news\/ilmercoledi\/news\/wp-json\/wp\/v2\/categories?post=37712"},{"taxonomy":"post_tag","embeddable":true,"href":"https:\/\/www.ilmercoledi.news\/ilmercoledi\/news\/wp-json\/wp\/v2\/tags?post=37712"},{"taxonomy":"news-destination","embeddable":true,"href":"https:\/\/www.ilmercoledi.news\/ilmercoledi\/news\/wp-json\/wp\/v2\/news-destination?post=37712"},{"taxonomy":"news-source","embeddable":true,"href":"https:\/\/www.ilmercoledi.news\/ilmercoledi\/news\/wp-json\/wp\/v2\/news-source?post=37712"},{"taxonomy":"is_homepage","embeddable":true,"href":"https:\/\/www.ilmercoledi.news\/ilmercoledi\/news\/wp-json\/wp\/v2\/is_homepage?post=37712"},{"taxonomy":"ta_other","embeddable":true,"href":"https:\/\/www.ilmercoledi.news\/ilmercoledi\/news\/wp-json\/wp\/v2\/ta_other?post=37712"}],"curies":[{"name":"wp","href":"https:\/\/api.w.org\/{rel}","templated":true}]}}