{"id":37855,"date":"2021-01-12T18:55:31","date_gmt":"2021-01-12T17:55:31","guid":{"rendered":"https:\/\/euwps02.newsmemory.com\/ilmercoledi\/news\/?p=37855"},"modified":"2021-01-12T18:55:35","modified_gmt":"2021-01-12T17:55:35","slug":"trasporti-monito-del-pd-regionale-taglio-di-risorse-come-puo-conciliare-con-potenziamento","status":"publish","type":"post","link":"https:\/\/www.ilmercoledi.news\/2021\/01\/12\/trasporti-monito-del-pd-regionale-taglio-di-risorse-come-puo-conciliare-con-potenziamento\/","title":{"rendered":"TRASPORTI &#8211; Monito del Pd regionale: &#8216;Taglio di risorse come pu\u00f2 conciliare con potenziamento?&#8221;"},"content":{"rendered":"<p>\u00abLuned\u00ec 18 gennaio \u00e8 previsto il ritorno degli studenti a scuola. Questa mattina in Commissione abbiamo avuto la conferma che la nuova legge sulla medicina territoriale sar\u00e0 finanziata con un taglio di 10 milioni al trasporto pubblico. Il potenziamento della medicina territoriale \u00e8 fondamentale ma come si pu\u00f2 conciliare il nuovo taglio al trasporto pubblico con l\u2019intenzione della Regione Piemonte di mettere a disposizione 4.300 corse in pi\u00f9 per garantire dalla prossima settimana la scuola in presenza al 50%?\u00bb. Ad affermarlo, i consiglieri regionali Pd Alberto Avetta e Raffaele Gallo. \u00abIn Piemonte ci sono 175 mila studenti delle scuole superiori da trasportare, e fin da questa estate, abbiamo chiesto un piano straordinario per la scuola. Quello presentato dalla Giunta nel dicembre scorso \u00e8 stato sonoramente bocciato dal mondo della scuola: ora vedremo se la nuova proposta sar\u00e0 accolta con maggior favore e come sar\u00e0 finanziata a fronte del taglio dichiarato. Peraltro il Governo nazionale ha messo a disposizione altre risorse (200 milioni di euro per il 2021) sul trasporto che, a legge di bilancio approvata, potrebbero essere impiegate per garantire servizi aggiuntivi con autobus turistici, e addirittura con taxi e auto a noleggio con conducente. Vedremo come il Piemonte intender\u00e0 utilizzarle\u00bb.<\/p>\n","protected":false},"excerpt":{"rendered":"","protected":false},"author":11,"featured_media":30665,"comment_status":"open","ping_status":"closed","sticky":false,"template":"","format":"standard","meta":[],"categories":[34],"tags":[],"news-destination":[],"news-source":[],"is_homepage":[],"ta_other":[],"_links":{"self":[{"href":"https:\/\/www.ilmercoledi.news\/ilmercoledi\/news\/wp-json\/wp\/v2\/posts\/37855"}],"collection":[{"href":"https:\/\/www.ilmercoledi.news\/ilmercoledi\/news\/wp-json\/wp\/v2\/posts"}],"about":[{"href":"https:\/\/www.ilmercoledi.news\/ilmercoledi\/news\/wp-json\/wp\/v2\/types\/post"}],"author":[{"embeddable":true,"href":"https:\/\/www.ilmercoledi.news\/ilmercoledi\/news\/wp-json\/wp\/v2\/users\/11"}],"replies":[{"embeddable":true,"href":"https:\/\/www.ilmercoledi.news\/ilmercoledi\/news\/wp-json\/wp\/v2\/comments?post=37855"}],"version-history":[{"count":1,"href":"https:\/\/www.ilmercoledi.news\/ilmercoledi\/news\/wp-json\/wp\/v2\/posts\/37855\/revisions"}],"predecessor-version":[{"id":37856,"href":"https:\/\/www.ilmercoledi.news\/ilmercoledi\/news\/wp-json\/wp\/v2\/posts\/37855\/revisions\/37856"}],"wp:featuredmedia":[{"embeddable":true,"href":"https:\/\/www.ilmercoledi.news\/ilmercoledi\/news\/wp-json\/wp\/v2\/media\/30665"}],"wp:attachment":[{"href":"https:\/\/www.ilmercoledi.news\/ilmercoledi\/news\/wp-json\/wp\/v2\/media?parent=37855"}],"wp:term":[{"taxonomy":"category","embeddable":true,"href":"https:\/\/www.ilmercoledi.news\/ilmercoledi\/news\/wp-json\/wp\/v2\/categories?post=37855"},{"taxonomy":"post_tag","embeddable":true,"href":"https:\/\/www.ilmercoledi.news\/ilmercoledi\/news\/wp-json\/wp\/v2\/tags?post=37855"},{"taxonomy":"news-destination","embeddable":true,"href":"https:\/\/www.ilmercoledi.news\/ilmercoledi\/news\/wp-json\/wp\/v2\/news-destination?post=37855"},{"taxonomy":"news-source","embeddable":true,"href":"https:\/\/www.ilmercoledi.news\/ilmercoledi\/news\/wp-json\/wp\/v2\/news-source?post=37855"},{"taxonomy":"is_homepage","embeddable":true,"href":"https:\/\/www.ilmercoledi.news\/ilmercoledi\/news\/wp-json\/wp\/v2\/is_homepage?post=37855"},{"taxonomy":"ta_other","embeddable":true,"href":"https:\/\/www.ilmercoledi.news\/ilmercoledi\/news\/wp-json\/wp\/v2\/ta_other?post=37855"}],"curies":[{"name":"wp","href":"https:\/\/api.w.org\/{rel}","templated":true}]}}