{"id":37979,"date":"2021-01-18T07:28:35","date_gmt":"2021-01-18T06:28:35","guid":{"rendered":"https:\/\/euwps02.newsmemory.com\/ilmercoledi\/news\/?p=37979"},"modified":"2021-01-18T07:28:39","modified_gmt":"2021-01-18T06:28:39","slug":"scuola-oggi-si-riparte-per-il-50-degli-studenti-delle-superiori-il-nodo-trasporti","status":"publish","type":"post","link":"https:\/\/www.ilmercoledi.news\/2021\/01\/18\/scuola-oggi-si-riparte-per-il-50-degli-studenti-delle-superiori-il-nodo-trasporti\/","title":{"rendered":"SCUOLA &#8211; Oggi si riparte per il 50% degli studenti delle superiori: il nodo trasporti"},"content":{"rendered":"<p>Oggi la campanella suoner\u00e0 anche per gli studenti delle superiori che tornano a scuola in presenza al 50% come previsto dal Comitato Tecnico Scientifico nazionale e dal Governo. Sul fronte trasporti, la Regione rassicura: &#8220;\u00c8 stato fatto un lavoro di raccordo tra la scuola e il sistema dei trasporti mai realizzato prima, che torner\u00e0 utile anche in futuro in termini di un servizio pi\u00f9 aderente alla reale richiesta. Anche in questi ultimi giorni abbiamo ulteriormente affinato, aumentandolo, il numero delle corse aggiuntive\u00bb. In tutto il Piemonte sono infatti previste 4.500 corse in pi\u00f9 alla settimana per il servizio autobus urbano ed extra urbano (di cui 1.690 per i servizi urbani ed extraurbani a Torino e 875 per la Citt\u00e0 metropolitana di Torino&#8221;.<\/p>\n","protected":false},"excerpt":{"rendered":"","protected":false},"author":11,"featured_media":12049,"comment_status":"open","ping_status":"closed","sticky":false,"template":"","format":"standard","meta":[],"categories":[34],"tags":[],"news-destination":[],"news-source":[],"is_homepage":[],"ta_other":[],"_links":{"self":[{"href":"https:\/\/www.ilmercoledi.news\/ilmercoledi\/news\/wp-json\/wp\/v2\/posts\/37979"}],"collection":[{"href":"https:\/\/www.ilmercoledi.news\/ilmercoledi\/news\/wp-json\/wp\/v2\/posts"}],"about":[{"href":"https:\/\/www.ilmercoledi.news\/ilmercoledi\/news\/wp-json\/wp\/v2\/types\/post"}],"author":[{"embeddable":true,"href":"https:\/\/www.ilmercoledi.news\/ilmercoledi\/news\/wp-json\/wp\/v2\/users\/11"}],"replies":[{"embeddable":true,"href":"https:\/\/www.ilmercoledi.news\/ilmercoledi\/news\/wp-json\/wp\/v2\/comments?post=37979"}],"version-history":[{"count":1,"href":"https:\/\/www.ilmercoledi.news\/ilmercoledi\/news\/wp-json\/wp\/v2\/posts\/37979\/revisions"}],"predecessor-version":[{"id":37980,"href":"https:\/\/www.ilmercoledi.news\/ilmercoledi\/news\/wp-json\/wp\/v2\/posts\/37979\/revisions\/37980"}],"wp:featuredmedia":[{"embeddable":true,"href":"https:\/\/www.ilmercoledi.news\/ilmercoledi\/news\/wp-json\/wp\/v2\/media\/12049"}],"wp:attachment":[{"href":"https:\/\/www.ilmercoledi.news\/ilmercoledi\/news\/wp-json\/wp\/v2\/media?parent=37979"}],"wp:term":[{"taxonomy":"category","embeddable":true,"href":"https:\/\/www.ilmercoledi.news\/ilmercoledi\/news\/wp-json\/wp\/v2\/categories?post=37979"},{"taxonomy":"post_tag","embeddable":true,"href":"https:\/\/www.ilmercoledi.news\/ilmercoledi\/news\/wp-json\/wp\/v2\/tags?post=37979"},{"taxonomy":"news-destination","embeddable":true,"href":"https:\/\/www.ilmercoledi.news\/ilmercoledi\/news\/wp-json\/wp\/v2\/news-destination?post=37979"},{"taxonomy":"news-source","embeddable":true,"href":"https:\/\/www.ilmercoledi.news\/ilmercoledi\/news\/wp-json\/wp\/v2\/news-source?post=37979"},{"taxonomy":"is_homepage","embeddable":true,"href":"https:\/\/www.ilmercoledi.news\/ilmercoledi\/news\/wp-json\/wp\/v2\/is_homepage?post=37979"},{"taxonomy":"ta_other","embeddable":true,"href":"https:\/\/www.ilmercoledi.news\/ilmercoledi\/news\/wp-json\/wp\/v2\/ta_other?post=37979"}],"curies":[{"name":"wp","href":"https:\/\/api.w.org\/{rel}","templated":true}]}}