{"id":38523,"date":"2021-02-03T15:32:00","date_gmt":"2021-02-03T14:32:00","guid":{"rendered":"https:\/\/euwps02.newsmemory.com\/ilmercoledi\/news\/?p=38523"},"modified":"2021-02-03T15:32:06","modified_gmt":"2021-02-03T14:32:06","slug":"moncalieri-sciopero-dei-mezzi-ca-nova-l8-febbraio","status":"publish","type":"post","link":"https:\/\/www.ilmercoledi.news\/2021\/02\/03\/moncalieri-sciopero-dei-mezzi-ca-nova-l8-febbraio\/","title":{"rendered":"MONCALIERI &#8211; Sciopero dei mezzi Ca Nova l&#8217;8 febbraio"},"content":{"rendered":"<p>L&#8217;azienda di trasporto pubblico Ca.Nova comunica che Filt Cgil, Fit Cisl, Uiltrasporti, Faisa Cisal, Ugl hanno indetto uno sciopero nazionale di 4 ore luned\u00ec 8 febbraio per il rinnovo del contratto nazionale di lavoro. Lo sciopero per i servizi urbani, suburbani ed extraurbani si svolger\u00e0 con modalit\u00e0 dalle ore 18 alle ore 22. Sar\u00e0 assicurato il completamento delle corse in partenza entro l&#8217;orario d&#8217;inizio dello sciopero.<\/p>\n","protected":false},"excerpt":{"rendered":"","protected":false},"author":11,"featured_media":26914,"comment_status":"open","ping_status":"closed","sticky":false,"template":"","format":"standard","meta":[],"categories":[34],"tags":[],"news-destination":[],"news-source":[],"is_homepage":[],"ta_other":[],"_links":{"self":[{"href":"https:\/\/www.ilmercoledi.news\/ilmercoledi\/news\/wp-json\/wp\/v2\/posts\/38523"}],"collection":[{"href":"https:\/\/www.ilmercoledi.news\/ilmercoledi\/news\/wp-json\/wp\/v2\/posts"}],"about":[{"href":"https:\/\/www.ilmercoledi.news\/ilmercoledi\/news\/wp-json\/wp\/v2\/types\/post"}],"author":[{"embeddable":true,"href":"https:\/\/www.ilmercoledi.news\/ilmercoledi\/news\/wp-json\/wp\/v2\/users\/11"}],"replies":[{"embeddable":true,"href":"https:\/\/www.ilmercoledi.news\/ilmercoledi\/news\/wp-json\/wp\/v2\/comments?post=38523"}],"version-history":[{"count":1,"href":"https:\/\/www.ilmercoledi.news\/ilmercoledi\/news\/wp-json\/wp\/v2\/posts\/38523\/revisions"}],"predecessor-version":[{"id":38524,"href":"https:\/\/www.ilmercoledi.news\/ilmercoledi\/news\/wp-json\/wp\/v2\/posts\/38523\/revisions\/38524"}],"wp:featuredmedia":[{"embeddable":true,"href":"https:\/\/www.ilmercoledi.news\/ilmercoledi\/news\/wp-json\/wp\/v2\/media\/26914"}],"wp:attachment":[{"href":"https:\/\/www.ilmercoledi.news\/ilmercoledi\/news\/wp-json\/wp\/v2\/media?parent=38523"}],"wp:term":[{"taxonomy":"category","embeddable":true,"href":"https:\/\/www.ilmercoledi.news\/ilmercoledi\/news\/wp-json\/wp\/v2\/categories?post=38523"},{"taxonomy":"post_tag","embeddable":true,"href":"https:\/\/www.ilmercoledi.news\/ilmercoledi\/news\/wp-json\/wp\/v2\/tags?post=38523"},{"taxonomy":"news-destination","embeddable":true,"href":"https:\/\/www.ilmercoledi.news\/ilmercoledi\/news\/wp-json\/wp\/v2\/news-destination?post=38523"},{"taxonomy":"news-source","embeddable":true,"href":"https:\/\/www.ilmercoledi.news\/ilmercoledi\/news\/wp-json\/wp\/v2\/news-source?post=38523"},{"taxonomy":"is_homepage","embeddable":true,"href":"https:\/\/www.ilmercoledi.news\/ilmercoledi\/news\/wp-json\/wp\/v2\/is_homepage?post=38523"},{"taxonomy":"ta_other","embeddable":true,"href":"https:\/\/www.ilmercoledi.news\/ilmercoledi\/news\/wp-json\/wp\/v2\/ta_other?post=38523"}],"curies":[{"name":"wp","href":"https:\/\/api.w.org\/{rel}","templated":true}]}}