{"id":38613,"date":"2021-02-08T15:47:43","date_gmt":"2021-02-08T14:47:43","guid":{"rendered":"https:\/\/euwps02.newsmemory.com\/ilmercoledi\/news\/?p=38613"},"modified":"2021-02-08T15:47:47","modified_gmt":"2021-02-08T14:47:47","slug":"moncalieri-il-presidio-sotto-lasl-per-aiutare-la-mamma-che-vuole-inserire-il-figlio-autistico-in-un-centro-diurno","status":"publish","type":"post","link":"https:\/\/www.ilmercoledi.news\/2021\/02\/08\/moncalieri-il-presidio-sotto-lasl-per-aiutare-la-mamma-che-vuole-inserire-il-figlio-autistico-in-un-centro-diurno\/","title":{"rendered":"MONCALIERI &#8211; Il presidio sotto l&#8217;Asl per aiutare la mamma che vuole inserire il figlio autistico in un centro diurno"},"content":{"rendered":"<p>Presidio questa mattina sotto la sede asl di Moncalieri,\u00a0in supporto alla mamma che da tempo chiede all&#8217;Asl To5 e ai servizi sociali di prendere in carico il figlio autistico di 16 anni, per inserirlo in un centro diurno. Con la pandemia infatti il ragazzo non ha pi\u00f9 potuto frequentare la scuola e la mamma ha dovuto mettersi in aspettativa dal lavoro per seguirlo. A supporto della richiesta, si \u00e8 tenuto un sit-in dell&#8217;Unione per la tutela delle persone con disabilit\u00e0 intellettiva, in via Vittime di Bologna. Subito dopo, una delegazione composta dalla mamma, dal presidente Utim Vincenzo Bozza e dalla senatrice Elisa Pirro, del Movimento 5 Stelle \u00e8 stata ricevuta dal direttore generale Asl To5 dottor Massimo Uberti. La richiesta di inserimento del ragazzo in un centro diurno per 8 ore al giorno \u00e8 infatti un diritto personale esigibile e indifferibile in base ai Livelli essenziali di assistenza. Purtroppo l&#8217;Asl a settembre 2020 ha risposto di non avere posti liberi in centro diurno e ha proposto quindi l&#8217;inserimento in una comunit\u00e0 alloggio. La stessa Asl ha poi scoperto che la struttura proposta non \u00e8 tuttavia accreditata per l&#8217;inserimento di minori. Nell&#8217;incontro, avvenuto nell&#8217;Ospedale maggiore in piazza Silvio Pellico 1 a Chieri, il direttore generale si scusato per il disguido e si \u00e8 impegnato a risolvere il caso in tempi brevi, percorrendo parallelamente due strade: ovvero sia chiedendo al giudice tutelare di autorizzare l&#8217;inserimento del ragazzo nella comunit\u00e0 per adulti, sia trovando eventualmente una nuova struttura. \u00abCi auguriamo che la situazione si risolva al pi\u00f9 presto \u2013 ha affermato la senatrice Elisa Pirro \u2013. Quando ho saputo di questa storia sono intervenuta immediatamente e ho messo in contatto la mamma con il direttore generale Uberti che ringrazio sinceramente per la disponibilit\u00e0 a incontrarci con cos\u00ec poco preavviso e a sbloccare questa situazione. \u00c8 questo il senso della politica che deve essere al servizio dei cittadini e intervenire quando ne hanno bisogno\u00bb. \u00abNel corso della mattinata \u2013 ha dichiarato il direttore generale dell&#8217;Asl To5 dottor Massimo Uberti \u2013 si \u00e8 rinnovato l&#8217;impegno ad accelerare i tempi il pi\u00f9 possibile per risolvere la situazione. I nostri operatori stanno valutando con la commissione di vigilanza dell&#8217;Asl territoriale su cui \u00e8 ubicata la struttura per trovare adeguata sistemazione per il giovane\u00bb.<\/p>\n","protected":false},"excerpt":{"rendered":"","protected":false},"author":11,"featured_media":38614,"comment_status":"open","ping_status":"closed","sticky":false,"template":"","format":"standard","meta":[],"categories":[34],"tags":[],"news-destination":[],"news-source":[],"is_homepage":[],"ta_other":[],"_links":{"self":[{"href":"https:\/\/www.ilmercoledi.news\/ilmercoledi\/news\/wp-json\/wp\/v2\/posts\/38613"}],"collection":[{"href":"https:\/\/www.ilmercoledi.news\/ilmercoledi\/news\/wp-json\/wp\/v2\/posts"}],"about":[{"href":"https:\/\/www.ilmercoledi.news\/ilmercoledi\/news\/wp-json\/wp\/v2\/types\/post"}],"author":[{"embeddable":true,"href":"https:\/\/www.ilmercoledi.news\/ilmercoledi\/news\/wp-json\/wp\/v2\/users\/11"}],"replies":[{"embeddable":true,"href":"https:\/\/www.ilmercoledi.news\/ilmercoledi\/news\/wp-json\/wp\/v2\/comments?post=38613"}],"version-history":[{"count":1,"href":"https:\/\/www.ilmercoledi.news\/ilmercoledi\/news\/wp-json\/wp\/v2\/posts\/38613\/revisions"}],"predecessor-version":[{"id":38615,"href":"https:\/\/www.ilmercoledi.news\/ilmercoledi\/news\/wp-json\/wp\/v2\/posts\/38613\/revisions\/38615"}],"wp:featuredmedia":[{"embeddable":true,"href":"https:\/\/www.ilmercoledi.news\/ilmercoledi\/news\/wp-json\/wp\/v2\/media\/38614"}],"wp:attachment":[{"href":"https:\/\/www.ilmercoledi.news\/ilmercoledi\/news\/wp-json\/wp\/v2\/media?parent=38613"}],"wp:term":[{"taxonomy":"category","embeddable":true,"href":"https:\/\/www.ilmercoledi.news\/ilmercoledi\/news\/wp-json\/wp\/v2\/categories?post=38613"},{"taxonomy":"post_tag","embeddable":true,"href":"https:\/\/www.ilmercoledi.news\/ilmercoledi\/news\/wp-json\/wp\/v2\/tags?post=38613"},{"taxonomy":"news-destination","embeddable":true,"href":"https:\/\/www.ilmercoledi.news\/ilmercoledi\/news\/wp-json\/wp\/v2\/news-destination?post=38613"},{"taxonomy":"news-source","embeddable":true,"href":"https:\/\/www.ilmercoledi.news\/ilmercoledi\/news\/wp-json\/wp\/v2\/news-source?post=38613"},{"taxonomy":"is_homepage","embeddable":true,"href":"https:\/\/www.ilmercoledi.news\/ilmercoledi\/news\/wp-json\/wp\/v2\/is_homepage?post=38613"},{"taxonomy":"ta_other","embeddable":true,"href":"https:\/\/www.ilmercoledi.news\/ilmercoledi\/news\/wp-json\/wp\/v2\/ta_other?post=38613"}],"curies":[{"name":"wp","href":"https:\/\/api.w.org\/{rel}","templated":true}]}}