{"id":38695,"date":"2021-02-10T07:58:01","date_gmt":"2021-02-10T06:58:01","guid":{"rendered":"https:\/\/euwps02.newsmemory.com\/ilmercoledi\/news\/?p=38695"},"modified":"2021-02-10T07:58:04","modified_gmt":"2021-02-10T06:58:04","slug":"nichelino-crisi-procemsa-spefar-verzola-situazione-paradossale","status":"publish","type":"post","link":"https:\/\/www.ilmercoledi.news\/2021\/02\/10\/nichelino-crisi-procemsa-spefar-verzola-situazione-paradossale\/","title":{"rendered":"NICHELINO &#8211; Crisi Procemsa-Spefar, Verzola: &#8220;Situazione paradossale&#8221;"},"content":{"rendered":"<p>&#8220;La mia solidariet\u00e0 e dell\u2019Amministrazione Comunale tutta ai lavoratori e alle lavoratrici della Spefar SPA in lotta per il proprio posto di lavoro&#8221;. Cos\u00ec l&#8217;assessore al Lavoro di Nichelino, Fiodor Verzola, in appoggio al nuovo dramma lavorativo cittadino &#8220;A causa di un contenzioso tra la Procemsa Farmaceutici SPA e la Spefar SPA &#8211; spiega Verzola -, rischiano di perdere il posto di lavoro in trentaquattro (34) tra lavoratrici e lavoratori. Trentaquattro persone, prevalentemente donne, madri di famiglia, che da un giorno all\u2019altro, dopo dodici anni di onorato servizio, si vedono negato l\u2019accesso al proprio posto di lavoro. Non entriamo nel merito del contenzioso, in questo momento non ci compete. Siamo per\u00f2 sicuri che gli enti preposti faranno emergere tutti i gradi di responsabilit\u00e0 di questa drammatica vicenda. Il nostro giudizio, piuttosto, si esprime in un\u2019amara constatazione, quella di trovarci di fronte all\u2018ennesima situazione paradossale che rende manifesta l\u2019idea attorno alla quale graviter\u00e0 il futuro di un mondo, quello del lavoro, in cui a pagare il prezzo pi\u00f9 alto saranno sempre i lavoratori e mai i padroni. Alle lavoratrici e ai lavoratori in lotta va la nostra pi\u00f9 profonda e sincera solidariet\u00e0. Percorreremo tutte le strade di nostra competenza per cercare di trovare una soluzione al problema&#8221;.<\/p>\n","protected":false},"excerpt":{"rendered":"","protected":false},"author":11,"featured_media":38696,"comment_status":"open","ping_status":"closed","sticky":false,"template":"","format":"standard","meta":[],"categories":[34],"tags":[],"news-destination":[],"news-source":[],"is_homepage":[],"ta_other":[],"_links":{"self":[{"href":"https:\/\/www.ilmercoledi.news\/ilmercoledi\/news\/wp-json\/wp\/v2\/posts\/38695"}],"collection":[{"href":"https:\/\/www.ilmercoledi.news\/ilmercoledi\/news\/wp-json\/wp\/v2\/posts"}],"about":[{"href":"https:\/\/www.ilmercoledi.news\/ilmercoledi\/news\/wp-json\/wp\/v2\/types\/post"}],"author":[{"embeddable":true,"href":"https:\/\/www.ilmercoledi.news\/ilmercoledi\/news\/wp-json\/wp\/v2\/users\/11"}],"replies":[{"embeddable":true,"href":"https:\/\/www.ilmercoledi.news\/ilmercoledi\/news\/wp-json\/wp\/v2\/comments?post=38695"}],"version-history":[{"count":1,"href":"https:\/\/www.ilmercoledi.news\/ilmercoledi\/news\/wp-json\/wp\/v2\/posts\/38695\/revisions"}],"predecessor-version":[{"id":38697,"href":"https:\/\/www.ilmercoledi.news\/ilmercoledi\/news\/wp-json\/wp\/v2\/posts\/38695\/revisions\/38697"}],"wp:featuredmedia":[{"embeddable":true,"href":"https:\/\/www.ilmercoledi.news\/ilmercoledi\/news\/wp-json\/wp\/v2\/media\/38696"}],"wp:attachment":[{"href":"https:\/\/www.ilmercoledi.news\/ilmercoledi\/news\/wp-json\/wp\/v2\/media?parent=38695"}],"wp:term":[{"taxonomy":"category","embeddable":true,"href":"https:\/\/www.ilmercoledi.news\/ilmercoledi\/news\/wp-json\/wp\/v2\/categories?post=38695"},{"taxonomy":"post_tag","embeddable":true,"href":"https:\/\/www.ilmercoledi.news\/ilmercoledi\/news\/wp-json\/wp\/v2\/tags?post=38695"},{"taxonomy":"news-destination","embeddable":true,"href":"https:\/\/www.ilmercoledi.news\/ilmercoledi\/news\/wp-json\/wp\/v2\/news-destination?post=38695"},{"taxonomy":"news-source","embeddable":true,"href":"https:\/\/www.ilmercoledi.news\/ilmercoledi\/news\/wp-json\/wp\/v2\/news-source?post=38695"},{"taxonomy":"is_homepage","embeddable":true,"href":"https:\/\/www.ilmercoledi.news\/ilmercoledi\/news\/wp-json\/wp\/v2\/is_homepage?post=38695"},{"taxonomy":"ta_other","embeddable":true,"href":"https:\/\/www.ilmercoledi.news\/ilmercoledi\/news\/wp-json\/wp\/v2\/ta_other?post=38695"}],"curies":[{"name":"wp","href":"https:\/\/api.w.org\/{rel}","templated":true}]}}