{"id":39588,"date":"2021-03-11T16:33:50","date_gmt":"2021-03-11T15:33:50","guid":{"rendered":"https:\/\/euwps02.newsmemory.com\/ilmercoledi\/news\/2021\/03\/11\/lavoro-i-sindacati-chiedono-ai-comuni-della-zona-sud-un-cambio-di-passo\/"},"modified":"2021-03-11T16:33:55","modified_gmt":"2020-10-12T16:33:55","slug":"lavoro-i-sindacati-chiedono-ai-comuni-della-zona-sud-un-cambio-di-passo","status":"publish","type":"post","link":"https:\/\/www.ilmercoledi.news\/2021\/03\/11\/lavoro-i-sindacati-chiedono-ai-comuni-della-zona-sud-un-cambio-di-passo\/","title":{"rendered":"LAVORO &#8211; I sindacati chiedono ai comuni della zona sud un cambio di passo"},"content":{"rendered":"<p>Con la definizione e presentazione del Recovery Plan alla fine di aprile si apre anche per i nostri territori della Zona Sud dell\u2019area metropolitana un\u2019occasione di rilancio e sviluppo che non deve essere persa. Cigl, Cisl e Uil hanno inviato una lettera ai 40 Comuni di questa parte meridionale dell\u2019Area Metropolitana Torinese per chiedere un cambio di passo: &#8220;Non si pu\u00f2 pi\u00f9 stare fermi a guardare, pensando solo alla gestione ordinaria. Il pericolo \u00e8 che altri decidano sulle loro teste. In Piemonte arriveranno 13 miliardi di euro che andranno ben spesi, anche per la nostra zona. Occorre a questo punto superare i confini di ciascun Comune e fare squadra per cogliere questo treno dell\u2019innovazione e dell\u2019ammodernamento dei nostri territori. Trasporto pubblico locale, connessione digitale, servizi sanitari territoriali sono ancora fortemente deficitari nel nostro territorio, come nelle altre parti della cintura metropolitana. Come Cgil Cisl Uil lanciamo una sfida ai 40 Comuni della Zona sud: mettiamoci insieme, facciamo squadra, socializziamo le competenze di ciascuno per presentare progetti che modernizzino il nostro sistema di infrastrutture ormai vecchio, permettendo la transizione green, energetica e quella dell\u2019industria 4.0, favorendo nuovi insediamenti, come quello recente di Google in Sanda Vad\u00f2. Occorre un piano comune territoriale della mobilit\u00e0 pubblica e verde fra i 40 Comuni. Cos\u00ec come occorre pensare a nuova coesione sociale ammodernando i sistemi redistributivi municipali a livello di fornitura dei servizi e di tassazione locale, rimasti fermi a dieci anni fa. Bisogna favorire il diritto alla connessione in banda larga per tutti i 40 comuni, per favorire le attivit\u00e0 delle imprese e in un\u2019epoca in cui si parla di smart working e di DAD. Cos\u00ec come vanno ripensati e potenziati i servizi sanitari e socio-sanitari sul territorio, facilitandone l\u2019accessibilit\u00e0 e la prossimit\u00e0 per tutte le fasce della popolazione, particolarmente per quella anziana e affetta da disabilit\u00e0. Ma per fare questo bisogna mettersi tutti quanti attorno a un tavolo, superando i confini del proprio comune, per far squadra ed ottenere una maggiore attenzione. Ai Comuni abbiamo scritto una lettera in cui li invitiamo a un confronto su alcuni assi del prossimo Recovery Plan: coesione sociale, sanit\u00e0, trasporto pubblico locale, digitalizzazione, sviluppo industriale e terziario&#8221;.<\/p>\n","protected":false},"excerpt":{"rendered":"","protected":false},"author":11,"featured_media":15332,"comment_status":"open","ping_status":"closed","sticky":false,"template":"","format":"standard","meta":[],"categories":[34],"tags":[],"news-destination":[],"news-source":[],"is_homepage":[],"ta_other":[],"_links":{"self":[{"href":"https:\/\/www.ilmercoledi.news\/ilmercoledi\/news\/wp-json\/wp\/v2\/posts\/39588"}],"collection":[{"href":"https:\/\/www.ilmercoledi.news\/ilmercoledi\/news\/wp-json\/wp\/v2\/posts"}],"about":[{"href":"https:\/\/www.ilmercoledi.news\/ilmercoledi\/news\/wp-json\/wp\/v2\/types\/post"}],"author":[{"embeddable":true,"href":"https:\/\/www.ilmercoledi.news\/ilmercoledi\/news\/wp-json\/wp\/v2\/users\/11"}],"replies":[{"embeddable":true,"href":"https:\/\/www.ilmercoledi.news\/ilmercoledi\/news\/wp-json\/wp\/v2\/comments?post=39588"}],"version-history":[{"count":0,"href":"https:\/\/www.ilmercoledi.news\/ilmercoledi\/news\/wp-json\/wp\/v2\/posts\/39588\/revisions"}],"wp:featuredmedia":[{"embeddable":true,"href":"https:\/\/www.ilmercoledi.news\/ilmercoledi\/news\/wp-json\/wp\/v2\/media\/15332"}],"wp:attachment":[{"href":"https:\/\/www.ilmercoledi.news\/ilmercoledi\/news\/wp-json\/wp\/v2\/media?parent=39588"}],"wp:term":[{"taxonomy":"category","embeddable":true,"href":"https:\/\/www.ilmercoledi.news\/ilmercoledi\/news\/wp-json\/wp\/v2\/categories?post=39588"},{"taxonomy":"post_tag","embeddable":true,"href":"https:\/\/www.ilmercoledi.news\/ilmercoledi\/news\/wp-json\/wp\/v2\/tags?post=39588"},{"taxonomy":"news-destination","embeddable":true,"href":"https:\/\/www.ilmercoledi.news\/ilmercoledi\/news\/wp-json\/wp\/v2\/news-destination?post=39588"},{"taxonomy":"news-source","embeddable":true,"href":"https:\/\/www.ilmercoledi.news\/ilmercoledi\/news\/wp-json\/wp\/v2\/news-source?post=39588"},{"taxonomy":"is_homepage","embeddable":true,"href":"https:\/\/www.ilmercoledi.news\/ilmercoledi\/news\/wp-json\/wp\/v2\/is_homepage?post=39588"},{"taxonomy":"ta_other","embeddable":true,"href":"https:\/\/www.ilmercoledi.news\/ilmercoledi\/news\/wp-json\/wp\/v2\/ta_other?post=39588"}],"curies":[{"name":"wp","href":"https:\/\/api.w.org\/{rel}","templated":true}]}}