{"id":39601,"date":"2021-03-12T07:54:19","date_gmt":"2021-03-12T06:54:19","guid":{"rendered":"https:\/\/euwps02.newsmemory.com\/ilmercoledi\/news\/2021\/03\/12\/covid-piemonte-verso-la-zona-rossa-per-limpennata-contagi\/"},"modified":"2021-03-12T07:54:24","modified_gmt":"2020-10-13T07:54:24","slug":"covid-piemonte-verso-la-zona-rossa-per-limpennata-contagi","status":"publish","type":"post","link":"https:\/\/www.ilmercoledi.news\/2021\/03\/12\/covid-piemonte-verso-la-zona-rossa-per-limpennata-contagi\/","title":{"rendered":"COVID &#8211; Piemonte verso la zona rossa per l&#8217;impennata contagi"},"content":{"rendered":"<p>In queste ore arriver\u00e0 l&#8217;ufficialit\u00e0 di quello che gi\u00e0 si parla da giorni, ossia il passaggio del Piemonte in zona rossa a causa dell&#8217;impennata dei contagi. L\u2019indice Rt \u00e8 salito all\u20191.41,\u00a0un dato che comporter\u00e0 l&#8217;assunzione delle misure pi\u00f9 restrittive di contrasto alla pandemia. Entro oggi si dovrebbe sapere se la zona rossa entrer\u00e0 in vigore luned\u00ec, oppure gi\u00e0 da domenica.<\/p>\n","protected":false},"excerpt":{"rendered":"","protected":false},"author":11,"featured_media":30665,"comment_status":"open","ping_status":"closed","sticky":false,"template":"","format":"standard","meta":[],"categories":[34],"tags":[],"news-destination":[],"news-source":[],"is_homepage":[],"ta_other":[],"_links":{"self":[{"href":"https:\/\/www.ilmercoledi.news\/ilmercoledi\/news\/wp-json\/wp\/v2\/posts\/39601"}],"collection":[{"href":"https:\/\/www.ilmercoledi.news\/ilmercoledi\/news\/wp-json\/wp\/v2\/posts"}],"about":[{"href":"https:\/\/www.ilmercoledi.news\/ilmercoledi\/news\/wp-json\/wp\/v2\/types\/post"}],"author":[{"embeddable":true,"href":"https:\/\/www.ilmercoledi.news\/ilmercoledi\/news\/wp-json\/wp\/v2\/users\/11"}],"replies":[{"embeddable":true,"href":"https:\/\/www.ilmercoledi.news\/ilmercoledi\/news\/wp-json\/wp\/v2\/comments?post=39601"}],"version-history":[{"count":0,"href":"https:\/\/www.ilmercoledi.news\/ilmercoledi\/news\/wp-json\/wp\/v2\/posts\/39601\/revisions"}],"wp:featuredmedia":[{"embeddable":true,"href":"https:\/\/www.ilmercoledi.news\/ilmercoledi\/news\/wp-json\/wp\/v2\/media\/30665"}],"wp:attachment":[{"href":"https:\/\/www.ilmercoledi.news\/ilmercoledi\/news\/wp-json\/wp\/v2\/media?parent=39601"}],"wp:term":[{"taxonomy":"category","embeddable":true,"href":"https:\/\/www.ilmercoledi.news\/ilmercoledi\/news\/wp-json\/wp\/v2\/categories?post=39601"},{"taxonomy":"post_tag","embeddable":true,"href":"https:\/\/www.ilmercoledi.news\/ilmercoledi\/news\/wp-json\/wp\/v2\/tags?post=39601"},{"taxonomy":"news-destination","embeddable":true,"href":"https:\/\/www.ilmercoledi.news\/ilmercoledi\/news\/wp-json\/wp\/v2\/news-destination?post=39601"},{"taxonomy":"news-source","embeddable":true,"href":"https:\/\/www.ilmercoledi.news\/ilmercoledi\/news\/wp-json\/wp\/v2\/news-source?post=39601"},{"taxonomy":"is_homepage","embeddable":true,"href":"https:\/\/www.ilmercoledi.news\/ilmercoledi\/news\/wp-json\/wp\/v2\/is_homepage?post=39601"},{"taxonomy":"ta_other","embeddable":true,"href":"https:\/\/www.ilmercoledi.news\/ilmercoledi\/news\/wp-json\/wp\/v2\/ta_other?post=39601"}],"curies":[{"name":"wp","href":"https:\/\/api.w.org\/{rel}","templated":true}]}}