{"id":39651,"date":"2021-03-16T07:06:00","date_gmt":"2021-03-16T06:06:00","guid":{"rendered":"https:\/\/euwps02.newsmemory.com\/ilmercoledi\/news\/2021\/03\/16\/caos-astrazeneca-cirio-e-icardi-il-piemonte-lungimirante\/"},"modified":"2021-03-16T07:06:06","modified_gmt":"2020-10-17T07:06:06","slug":"caos-astrazeneca-cirio-e-icardi-il-piemonte-lungimirante","status":"publish","type":"post","link":"https:\/\/www.ilmercoledi.news\/2021\/03\/16\/caos-astrazeneca-cirio-e-icardi-il-piemonte-lungimirante\/","title":{"rendered":"CAOS ASTRAZENECA &#8211; Cirio e Icardi: &#8220;Il Piemonte lungimirante&#8221;"},"content":{"rendered":"<p>\u201cLa decisione dell\u2019Aifa di sospendere la somministrazione del vaccino AstraZeneca a livello nazionale dimostra\u00a0la lungimiranza del Piemonte, che ieri ha saputo agire con la massima cautela per la sicurezza dei propri cittadini. \u00c8 la prova che\u00a0la campagna vaccinale \u00e8 monitorata costantemente giorno per giorno h24, pronti a intervenire immediatamente dove se ne ravvisi la necessit\u00e0. Ora ci auguriamo che Ema chiarisca in fretta ogni dubbio, perch\u00e9 la campagna vaccinale deve poter ripartire in sicurezza e con fiducia\u201d: \u00e8 la dichiarazione rilasciata dal presidente della Regione Piemonte\u00a0Alberto Cirio\u00a0e dall\u2019assessore alla Sanit\u00e0\u00a0Luigi Genesio Icardi\u00a0dopo che\u00a0l\u2019Agenzia italiana del farmaco ha deciso di estendere in via del tutto precauzionale e temporanea, in attesa dei pronunciamenti dell\u2019Agenzia europea per i medicinali (Ema), il divieto di utilizzo del vaccino AstraZeneca su tutto il territorio nazionale.<\/p>\n","protected":false},"excerpt":{"rendered":"","protected":false},"author":11,"featured_media":39576,"comment_status":"open","ping_status":"closed","sticky":false,"template":"","format":"standard","meta":[],"categories":[34],"tags":[],"news-destination":[],"news-source":[],"is_homepage":[],"ta_other":[],"_links":{"self":[{"href":"https:\/\/www.ilmercoledi.news\/ilmercoledi\/news\/wp-json\/wp\/v2\/posts\/39651"}],"collection":[{"href":"https:\/\/www.ilmercoledi.news\/ilmercoledi\/news\/wp-json\/wp\/v2\/posts"}],"about":[{"href":"https:\/\/www.ilmercoledi.news\/ilmercoledi\/news\/wp-json\/wp\/v2\/types\/post"}],"author":[{"embeddable":true,"href":"https:\/\/www.ilmercoledi.news\/ilmercoledi\/news\/wp-json\/wp\/v2\/users\/11"}],"replies":[{"embeddable":true,"href":"https:\/\/www.ilmercoledi.news\/ilmercoledi\/news\/wp-json\/wp\/v2\/comments?post=39651"}],"version-history":[{"count":0,"href":"https:\/\/www.ilmercoledi.news\/ilmercoledi\/news\/wp-json\/wp\/v2\/posts\/39651\/revisions"}],"wp:featuredmedia":[{"embeddable":true,"href":"https:\/\/www.ilmercoledi.news\/ilmercoledi\/news\/wp-json\/wp\/v2\/media\/39576"}],"wp:attachment":[{"href":"https:\/\/www.ilmercoledi.news\/ilmercoledi\/news\/wp-json\/wp\/v2\/media?parent=39651"}],"wp:term":[{"taxonomy":"category","embeddable":true,"href":"https:\/\/www.ilmercoledi.news\/ilmercoledi\/news\/wp-json\/wp\/v2\/categories?post=39651"},{"taxonomy":"post_tag","embeddable":true,"href":"https:\/\/www.ilmercoledi.news\/ilmercoledi\/news\/wp-json\/wp\/v2\/tags?post=39651"},{"taxonomy":"news-destination","embeddable":true,"href":"https:\/\/www.ilmercoledi.news\/ilmercoledi\/news\/wp-json\/wp\/v2\/news-destination?post=39651"},{"taxonomy":"news-source","embeddable":true,"href":"https:\/\/www.ilmercoledi.news\/ilmercoledi\/news\/wp-json\/wp\/v2\/news-source?post=39651"},{"taxonomy":"is_homepage","embeddable":true,"href":"https:\/\/www.ilmercoledi.news\/ilmercoledi\/news\/wp-json\/wp\/v2\/is_homepage?post=39651"},{"taxonomy":"ta_other","embeddable":true,"href":"https:\/\/www.ilmercoledi.news\/ilmercoledi\/news\/wp-json\/wp\/v2\/ta_other?post=39651"}],"curies":[{"name":"wp","href":"https:\/\/api.w.org\/{rel}","templated":true}]}}