{"id":39668,"date":"2021-03-16T07:58:35","date_gmt":"2021-03-16T06:58:35","guid":{"rendered":"https:\/\/euwps02.newsmemory.com\/ilmercoledi\/news\/2021\/03\/16\/carmagnola-prorogata-la-scadenza-per-partecipare-al-premio-giornalistico-legato-al-peperone\/"},"modified":"2021-03-16T07:58:40","modified_gmt":"2020-10-17T07:58:40","slug":"carmagnola-prorogata-la-scadenza-per-partecipare-al-premio-giornalistico-legato-al-peperone","status":"publish","type":"post","link":"https:\/\/www.ilmercoledi.news\/2021\/03\/16\/carmagnola-prorogata-la-scadenza-per-partecipare-al-premio-giornalistico-legato-al-peperone\/","title":{"rendered":"CARMAGNOLA &#8211; Prorogata la scadenza per partecipare al premio giornalistico legato al Peperone"},"content":{"rendered":"<p>\u00c8 stata prorogata al 31 luglio 2021 la scadenza per partecipare al Premio giornalistico e letterario della Citt\u00e0 di Carmagnola dedicato a temi riguardanti la produzione agricola e agroalimentare, dal punto di vista storico, culturale e scientifico, con riferimento al settore orticolo e in particolare al peperoneL\u2019emergenza Covid-19 ha impedito a molti giornalisti e scrittori di reperire le necessarie informazioni e i materiali per partecipare al meglio al Premio e quindi pubblicare in tempo utile il proprio lavoro. Una situazione di difficolt\u00e0 che si va a sommare a quella di una grande manifestazione che nel 2020 avr\u00e0 connotati diversi e ancora in fase di definizione. La premiazione relativa al concorso sar\u00e0 perci\u00f2 posticipata all&#8217;edizione della Fiera del Peperone di Carmagnola 2021.<\/p>\n","protected":false},"excerpt":{"rendered":"","protected":false},"author":11,"featured_media":32498,"comment_status":"open","ping_status":"closed","sticky":false,"template":"","format":"standard","meta":[],"categories":[34],"tags":[],"news-destination":[],"news-source":[],"is_homepage":[],"ta_other":[],"_links":{"self":[{"href":"https:\/\/www.ilmercoledi.news\/ilmercoledi\/news\/wp-json\/wp\/v2\/posts\/39668"}],"collection":[{"href":"https:\/\/www.ilmercoledi.news\/ilmercoledi\/news\/wp-json\/wp\/v2\/posts"}],"about":[{"href":"https:\/\/www.ilmercoledi.news\/ilmercoledi\/news\/wp-json\/wp\/v2\/types\/post"}],"author":[{"embeddable":true,"href":"https:\/\/www.ilmercoledi.news\/ilmercoledi\/news\/wp-json\/wp\/v2\/users\/11"}],"replies":[{"embeddable":true,"href":"https:\/\/www.ilmercoledi.news\/ilmercoledi\/news\/wp-json\/wp\/v2\/comments?post=39668"}],"version-history":[{"count":0,"href":"https:\/\/www.ilmercoledi.news\/ilmercoledi\/news\/wp-json\/wp\/v2\/posts\/39668\/revisions"}],"wp:featuredmedia":[{"embeddable":true,"href":"https:\/\/www.ilmercoledi.news\/ilmercoledi\/news\/wp-json\/wp\/v2\/media\/32498"}],"wp:attachment":[{"href":"https:\/\/www.ilmercoledi.news\/ilmercoledi\/news\/wp-json\/wp\/v2\/media?parent=39668"}],"wp:term":[{"taxonomy":"category","embeddable":true,"href":"https:\/\/www.ilmercoledi.news\/ilmercoledi\/news\/wp-json\/wp\/v2\/categories?post=39668"},{"taxonomy":"post_tag","embeddable":true,"href":"https:\/\/www.ilmercoledi.news\/ilmercoledi\/news\/wp-json\/wp\/v2\/tags?post=39668"},{"taxonomy":"news-destination","embeddable":true,"href":"https:\/\/www.ilmercoledi.news\/ilmercoledi\/news\/wp-json\/wp\/v2\/news-destination?post=39668"},{"taxonomy":"news-source","embeddable":true,"href":"https:\/\/www.ilmercoledi.news\/ilmercoledi\/news\/wp-json\/wp\/v2\/news-source?post=39668"},{"taxonomy":"is_homepage","embeddable":true,"href":"https:\/\/www.ilmercoledi.news\/ilmercoledi\/news\/wp-json\/wp\/v2\/is_homepage?post=39668"},{"taxonomy":"ta_other","embeddable":true,"href":"https:\/\/www.ilmercoledi.news\/ilmercoledi\/news\/wp-json\/wp\/v2\/ta_other?post=39668"}],"curies":[{"name":"wp","href":"https:\/\/api.w.org\/{rel}","templated":true}]}}