{"id":397,"date":"2017-12-14T12:28:13","date_gmt":"2017-12-14T11:28:13","guid":{"rendered":"http:\/\/euwps02.tecnavia.com\/ilmercoledi\/news\/?p=397"},"modified":"2017-12-27T09:17:31","modified_gmt":"2017-12-27T08:17:31","slug":"natale-alle-porte","status":"publish","type":"post","link":"https:\/\/www.ilmercoledi.news\/2017\/12\/14\/natale-alle-porte\/","title":{"rendered":"Il Natale \u00e8 alle porte"},"content":{"rendered":"<p>CARMAGNOLA &#8211; \u201cTracce di Luce\u201d \u00e8 il titolo della grande kermesse culturale che coinvolge Carmagnola in questi giorni e lo far\u00e0 per tutte le festivit\u00e0 natalizie.<\/p>\n<p>Il programma \u00e8 stato illustrato dal sindaco Ivana Gaveglio e dagli assessori Gian Luigi Surra, Alessandro Cammarata e Vincenzo Inglese. <em>\u201cE\u2019 un programma di cui siamo orgogliosi <\/em>&#8211; hanno detto &#8211;<em> Lo abbiamo voluto fortemente per valorizzare la citt\u00e0 e segnare un percorso all\u2019insegna della cultura che non si fermer\u00e0 qui ma continuer\u00e0 nei prossimi mesi\u201d<\/em>. Si comincia con le luminarie, una tradizione per Carmagnola che quest\u2019anno il Comune ha deciso di offrire in una versione arricchita da spettacolari giochi di colori e di immagini fantastiche. Come il \u201cGiardino di Luci\u201d, inaugurato il 6 dicembre all\u2019interno del viale di corso Matteotti (scenografia ideata e realizzata dalla 3\u00aa A di Agraria, coordinamento del professore Costantino Ciccone).<\/p>\n<p>Ci sono poi gli appuntamenti di \u201cRenaissance\u201d e del \u201cMapping 3d\u201d (scritto da Vittorio Mu\u00f2 e diretto da Francesco Mori) sui monumenti cittadini, che si svolgeranno nei giorni 22, 23 e 24 dicembre in piazza Garavella, piazza del Popolo (Zona Bussone) e piazza IV Martiri: il 22 dicembre il tema sar\u00e0 \u201cIl concetto di bellezza secondo Picasso\u201d, il 23 dicembre sar\u00e0 \u201cIl concetto di bellezza secondo D\u00fcrer\u201d ed il 24 dicembre sar\u00e0 \u201cIl concetto di bellezza secondo Warhol\u201d. Dopo lo spettacolo di luci del 22 dicembre \u00e8 in programma un concerto di musica irlandese all\u2019interno della Chiesa di San Giovanni Decollato, detta della Misericordia, a cura del sestetto Euron Ensemble. Sar\u00e0 un Natale con i fiocchi e con una nota in pi\u00f9: quella che permette, per usare le parole di Vittorio Mu\u00f2, di <em>\u201cguardare al passato per imparare e al futuro per vivere\u201d<\/em>.<\/p>\n","protected":false},"excerpt":{"rendered":"\u201cTracce di Luce\u201d \u00e8 il titolo della grande kermesse culturale che coinvolge Carmagnola in questi giorni e lo far\u00e0 per tutte le festivit\u00e0 natalizie.\r\n\r\nIl programma \u00e8 stato illustrato da sindaco e assessori.","protected":false},"author":4,"featured_media":398,"comment_status":"open","ping_status":"closed","sticky":false,"template":"","format":"standard","meta":[],"categories":[9],"tags":[],"news-destination":[],"news-source":[],"is_homepage":[],"ta_other":[],"_links":{"self":[{"href":"https:\/\/www.ilmercoledi.news\/ilmercoledi\/news\/wp-json\/wp\/v2\/posts\/397"}],"collection":[{"href":"https:\/\/www.ilmercoledi.news\/ilmercoledi\/news\/wp-json\/wp\/v2\/posts"}],"about":[{"href":"https:\/\/www.ilmercoledi.news\/ilmercoledi\/news\/wp-json\/wp\/v2\/types\/post"}],"author":[{"embeddable":true,"href":"https:\/\/www.ilmercoledi.news\/ilmercoledi\/news\/wp-json\/wp\/v2\/users\/4"}],"replies":[{"embeddable":true,"href":"https:\/\/www.ilmercoledi.news\/ilmercoledi\/news\/wp-json\/wp\/v2\/comments?post=397"}],"version-history":[{"count":2,"href":"https:\/\/www.ilmercoledi.news\/ilmercoledi\/news\/wp-json\/wp\/v2\/posts\/397\/revisions"}],"predecessor-version":[{"id":414,"href":"https:\/\/www.ilmercoledi.news\/ilmercoledi\/news\/wp-json\/wp\/v2\/posts\/397\/revisions\/414"}],"wp:featuredmedia":[{"embeddable":true,"href":"https:\/\/www.ilmercoledi.news\/ilmercoledi\/news\/wp-json\/wp\/v2\/media\/398"}],"wp:attachment":[{"href":"https:\/\/www.ilmercoledi.news\/ilmercoledi\/news\/wp-json\/wp\/v2\/media?parent=397"}],"wp:term":[{"taxonomy":"category","embeddable":true,"href":"https:\/\/www.ilmercoledi.news\/ilmercoledi\/news\/wp-json\/wp\/v2\/categories?post=397"},{"taxonomy":"post_tag","embeddable":true,"href":"https:\/\/www.ilmercoledi.news\/ilmercoledi\/news\/wp-json\/wp\/v2\/tags?post=397"},{"taxonomy":"news-destination","embeddable":true,"href":"https:\/\/www.ilmercoledi.news\/ilmercoledi\/news\/wp-json\/wp\/v2\/news-destination?post=397"},{"taxonomy":"news-source","embeddable":true,"href":"https:\/\/www.ilmercoledi.news\/ilmercoledi\/news\/wp-json\/wp\/v2\/news-source?post=397"},{"taxonomy":"is_homepage","embeddable":true,"href":"https:\/\/www.ilmercoledi.news\/ilmercoledi\/news\/wp-json\/wp\/v2\/is_homepage?post=397"},{"taxonomy":"ta_other","embeddable":true,"href":"https:\/\/www.ilmercoledi.news\/ilmercoledi\/news\/wp-json\/wp\/v2\/ta_other?post=397"}],"curies":[{"name":"wp","href":"https:\/\/api.w.org\/{rel}","templated":true}]}}