{"id":39736,"date":"2021-03-22T15:02:13","date_gmt":"2021-03-22T14:02:13","guid":{"rendered":"https:\/\/euwps02.newsmemory.com\/ilmercoledi\/news\/2021\/03\/22\/moncalieri-per-storie-cucite-a-mano-liniziativa-genitori-da-favola\/"},"modified":"2021-03-22T15:02:18","modified_gmt":"2020-10-23T15:02:18","slug":"moncalieri-per-storie-cucite-a-mano-liniziativa-genitori-da-favola","status":"publish","type":"post","link":"https:\/\/www.ilmercoledi.news\/2021\/03\/22\/moncalieri-per-storie-cucite-a-mano-liniziativa-genitori-da-favola\/","title":{"rendered":"MONCALIERI &#8211; Per &#8220;Storie cucite a mano&#8221;, l&#8217;iniziativa &#8220;Genitori da Favola&#8221;"},"content":{"rendered":"<p>A Moncalieri, dopo \u201cIl genitore al tempo del Covid\u201d, il format &#8220;Storie Cucite a Mano&#8221; prosegue con il nuovo format online\u00a0 &#8220;Genitori da favola&#8221;.\u00a0Il ciclo prender\u00e0 il via\u00a0luned\u00ec 29 marzo dalle 17 alle 19\u00a0con un incontro sul tema \u201cEmozioni fantastiche e come trovarle: abecedario di alfabetizzazione emotiva per genitori\u201d con la partecipazione del sociologo\u00a0Alberto Terzi, ricercatore e formatore che da anni si occupa di prevenzione e di politiche giovanili sia come presidente del Centro Studi Prospettive di Como che come consulente ministeriale e ricercatore dell&#8217;Istituto IARD di Milano. \u00c8 co-fondatore della federazione nazionale &#8220;Ridere per Vivere&#8221; e si occupa di gelotologia,\u00a0 disciplina che studia il fenomeno del ridere, con particolare riferimento alle sue potenzialit\u00e0 terapeutiche e al benessere psicofisico della persona e dei gruppi sociali, che comprende anche le attivit\u00e0 della pi\u00f9 conosciuta\u00a0clownterapia.Il calendario proseguir\u00e0 con appuntamenti bisettimanali sempre il luned\u00ec dalle 17 alle 19<\/p>\n","protected":false},"excerpt":{"rendered":"","protected":false},"author":11,"featured_media":39638,"comment_status":"open","ping_status":"closed","sticky":false,"template":"","format":"standard","meta":[],"categories":[34],"tags":[],"news-destination":[],"news-source":[],"is_homepage":[],"ta_other":[],"_links":{"self":[{"href":"https:\/\/www.ilmercoledi.news\/ilmercoledi\/news\/wp-json\/wp\/v2\/posts\/39736"}],"collection":[{"href":"https:\/\/www.ilmercoledi.news\/ilmercoledi\/news\/wp-json\/wp\/v2\/posts"}],"about":[{"href":"https:\/\/www.ilmercoledi.news\/ilmercoledi\/news\/wp-json\/wp\/v2\/types\/post"}],"author":[{"embeddable":true,"href":"https:\/\/www.ilmercoledi.news\/ilmercoledi\/news\/wp-json\/wp\/v2\/users\/11"}],"replies":[{"embeddable":true,"href":"https:\/\/www.ilmercoledi.news\/ilmercoledi\/news\/wp-json\/wp\/v2\/comments?post=39736"}],"version-history":[{"count":0,"href":"https:\/\/www.ilmercoledi.news\/ilmercoledi\/news\/wp-json\/wp\/v2\/posts\/39736\/revisions"}],"wp:featuredmedia":[{"embeddable":true,"href":"https:\/\/www.ilmercoledi.news\/ilmercoledi\/news\/wp-json\/wp\/v2\/media\/39638"}],"wp:attachment":[{"href":"https:\/\/www.ilmercoledi.news\/ilmercoledi\/news\/wp-json\/wp\/v2\/media?parent=39736"}],"wp:term":[{"taxonomy":"category","embeddable":true,"href":"https:\/\/www.ilmercoledi.news\/ilmercoledi\/news\/wp-json\/wp\/v2\/categories?post=39736"},{"taxonomy":"post_tag","embeddable":true,"href":"https:\/\/www.ilmercoledi.news\/ilmercoledi\/news\/wp-json\/wp\/v2\/tags?post=39736"},{"taxonomy":"news-destination","embeddable":true,"href":"https:\/\/www.ilmercoledi.news\/ilmercoledi\/news\/wp-json\/wp\/v2\/news-destination?post=39736"},{"taxonomy":"news-source","embeddable":true,"href":"https:\/\/www.ilmercoledi.news\/ilmercoledi\/news\/wp-json\/wp\/v2\/news-source?post=39736"},{"taxonomy":"is_homepage","embeddable":true,"href":"https:\/\/www.ilmercoledi.news\/ilmercoledi\/news\/wp-json\/wp\/v2\/is_homepage?post=39736"},{"taxonomy":"ta_other","embeddable":true,"href":"https:\/\/www.ilmercoledi.news\/ilmercoledi\/news\/wp-json\/wp\/v2\/ta_other?post=39736"}],"curies":[{"name":"wp","href":"https:\/\/api.w.org\/{rel}","templated":true}]}}