{"id":4001,"date":"2018-03-20T10:38:31","date_gmt":"2018-03-20T09:38:31","guid":{"rendered":"http:\/\/euwps02.tecnavia.com\/ilmercoledi\/news\/?p=4001"},"modified":"2018-03-20T10:38:32","modified_gmt":"2018-03-20T09:38:32","slug":"loccupazione-piemonte-secondo-listat-piu-lavoro-diminuiscono-disoccupati","status":"publish","type":"post","link":"https:\/\/www.ilmercoledi.news\/2018\/03\/20\/loccupazione-piemonte-secondo-listat-piu-lavoro-diminuiscono-disoccupati\/","title":{"rendered":"L&#8217;occupazione in Piemonte secondo l&#8217;Istat: pi\u00f9 lavoro, diminuiscono i disoccupati"},"content":{"rendered":"<p align=\"justify\">Nel\u00a02017\u00a0l\u2019Istat stima in Piemonte un aumento degli\u00a0occupati\u00a0di\u00a08 mila unit\u00e0\u00a0e un calo dei\u00a0disoccupati\u00a0di\u00a04 mila\u00a0(-2,3% da 187 mila unit\u00e0 del 2016 a 182 mila del 2017). Il\u00a0tasso di occupazione\u00a0cresce di quasi un punto percentuale, arrivando a sfiorare nella fascia d\u2019et\u00e0 20-64 anni il\u00a070%, e si assiste a un lieve calo del\u00a0tasso di disoccupazione\u00a0che scende dal 9,3 al\u00a09,1%. Lo rivelano i dati, diffusi nei giorni scorsi dall\u2019Istituto di Statistica, ed elaborati dall\u2019osservatorio regionale del mercato del lavoro. Nonostante i casi Embraco e, pi\u00f9 recenti, Italiaonline ed ora Trony, il cielosul mercato del lavoro in Piemonte pare rasserenarsi.<\/p>\n<p align=\"justify\">L\u2019incremento dell\u2019occupazione si concentra in prevalenza tra gli uomini e il lavoro dipendente (+37 mila unit\u00e0), mentre si riduce sensibilmente il lavoro autonomo (-29 mila unit\u00e0). In realt\u00e0 l\u2019anno appena trascorso si pu\u00f2 suddividere per il Piemonte in due periodi distinti: nel primo semestre l\u2019occupazione segna un lieve regresso e resta invariato il numero dei disoccupati, mentre la ripresa si consolida, in particolare, nell\u2019ultimo trimestre, quando i posti di lavoro aumentano di 36 mila unit\u00e0 e le persone in cerca di occupazione sono 18 mila in meno.<\/p>\n<p align=\"justify\">Sul piano settoriale, aumentano in modo significativo gli occupati sia nel ramo dei servizi (+18.000 addetti, pari a +1,6%) che nelle costruzioni (+4.000 unit\u00e0, pari a +3,7%), comparto che negli ultimi tre mesi dell\u2019anno sembra risollevarsi. Stabile il ramo commercio e ristorazione, in lieve arretramento l\u2019agricoltura, mentre, in linea con quanto avviene in altre regioni si registra una flessione degli occupati nell\u2019industria manifatturiera (-11.000 addetti pari a -2,5%).<\/p>\n<p align=\"justify\">Osservando le tipologie contrattuali, nell\u2019ambito del lavoro dipendente, i contratti a tempo determinato, secondo un trend nazionale, aumentano\u00a0(+19,5% rispetto al 2016)in misura pi\u00f9 consistente degli indeterminati (+0,7%), ma, sebbene in crescita, dall\u201911% del 2016 al 12,8 del 2017, l\u2019incidenza del lavoro precario in Piemonte resta la pi\u00f9 bassa in Italia, subito dopo la Lombardia (11,3%), a fronte di una media nazionale del 15,4%.<\/p>\n<p align=\"justify\">Tra gli occupati nel 2017, inoltre, si osserva un aumento di ben 25.000 unit\u00e0 (+7,1%) di persone in possesso di laurea o comunque di titolo post diploma, a fronte di una flessione degli occupati con tutti gli altri livelli di istruzione. Positivi, poi, i dati riferiti ai\u00a0giovani: l\u2019Istat stima infatti nella fascia 15-24 anni un incremento dell\u2019occupazione (+6.000 unit\u00e0, pari a +9,1%) e una lieve flessione della disoccupazione (-2.000 unit\u00e0, -4,6%), variazioni che producono un significativo calo del tasso di disoccupazione (dal 36 al 33%) e un aumento di quello di occupazione (dal 18 al 19,5%).<\/p>\n<p align=\"justify\">Un quadro che trova conferma nelle procedure di assunzione rilevate dalle comunicazioni obbligatorie delle imprese, nell\u2019ambito delle quali la componente giovanile \u00e8 quella che registra la percentuale di crescita maggiore (+29%), a cui contribuisce in misura rilevante il rilancio dei contratti di apprendistato (+20%). Nel loro complesso gli avviamenti al lavoro crescono in Piemonte del 14,6% (+80 mila unit\u00e0), trainati soprattutto dai contratti a termine.<\/p>\n<p align=\"justify\">In questo quadro \u00e8 trainante il ruolo dell\u2019area metropolitana di\u00a0Torino, dove gli occupati crescono passando dai 928 mila del 2016 ai 938 mila del 2017 mentre i disoccupati scendono da 108 mila a 97 mila (-10%).<\/p>\n<p align=\"justify\">\u201cPur in un quadro caratterizzato ancora da elementi di criticit\u00e0, il mercato del lavoro in Piemonte\u00a0\u2013 spiega l\u2019assessora regionale Gianna Pentenero &#8211;\u00a0mostra, in particolare nella seconda met\u00e0 del 2017, segnali di ripresa che paiono abbastanza consolidati. Positivo, anche se di certo non sufficiente, l\u2019incremento occupazionale tra i giovani, mentre preoccupa la fragilit\u00e0 che sembra ancora caratterizzare l\u2019industria manifatturiera. Proprio sul contrasto, da un lato, alla disoccupazione giovanile, dall\u2019altro alle crisi industriali, stiamo concentrando la nostra attenzione, con iniziative, realizzate anche in collaborazione con l\u2019Agenzia nazionale per le politiche attive del lavoro, volte a favorire la riqualificazione,\u00a0l&#8217;inserimento e\u00a0il reinserimento professionale dei lavoratori che provengono da aziende in crisi e dei giovani\u201d.<\/p>\n","protected":false},"excerpt":{"rendered":"","protected":false},"author":7,"featured_media":140,"comment_status":"open","ping_status":"closed","sticky":false,"template":"","format":"standard","meta":[],"categories":[8],"tags":[],"news-destination":[],"news-source":[],"is_homepage":[],"ta_other":[],"_links":{"self":[{"href":"https:\/\/www.ilmercoledi.news\/ilmercoledi\/news\/wp-json\/wp\/v2\/posts\/4001"}],"collection":[{"href":"https:\/\/www.ilmercoledi.news\/ilmercoledi\/news\/wp-json\/wp\/v2\/posts"}],"about":[{"href":"https:\/\/www.ilmercoledi.news\/ilmercoledi\/news\/wp-json\/wp\/v2\/types\/post"}],"author":[{"embeddable":true,"href":"https:\/\/www.ilmercoledi.news\/ilmercoledi\/news\/wp-json\/wp\/v2\/users\/7"}],"replies":[{"embeddable":true,"href":"https:\/\/www.ilmercoledi.news\/ilmercoledi\/news\/wp-json\/wp\/v2\/comments?post=4001"}],"version-history":[{"count":1,"href":"https:\/\/www.ilmercoledi.news\/ilmercoledi\/news\/wp-json\/wp\/v2\/posts\/4001\/revisions"}],"predecessor-version":[{"id":4002,"href":"https:\/\/www.ilmercoledi.news\/ilmercoledi\/news\/wp-json\/wp\/v2\/posts\/4001\/revisions\/4002"}],"wp:featuredmedia":[{"embeddable":true,"href":"https:\/\/www.ilmercoledi.news\/ilmercoledi\/news\/wp-json\/wp\/v2\/media\/140"}],"wp:attachment":[{"href":"https:\/\/www.ilmercoledi.news\/ilmercoledi\/news\/wp-json\/wp\/v2\/media?parent=4001"}],"wp:term":[{"taxonomy":"category","embeddable":true,"href":"https:\/\/www.ilmercoledi.news\/ilmercoledi\/news\/wp-json\/wp\/v2\/categories?post=4001"},{"taxonomy":"post_tag","embeddable":true,"href":"https:\/\/www.ilmercoledi.news\/ilmercoledi\/news\/wp-json\/wp\/v2\/tags?post=4001"},{"taxonomy":"news-destination","embeddable":true,"href":"https:\/\/www.ilmercoledi.news\/ilmercoledi\/news\/wp-json\/wp\/v2\/news-destination?post=4001"},{"taxonomy":"news-source","embeddable":true,"href":"https:\/\/www.ilmercoledi.news\/ilmercoledi\/news\/wp-json\/wp\/v2\/news-source?post=4001"},{"taxonomy":"is_homepage","embeddable":true,"href":"https:\/\/www.ilmercoledi.news\/ilmercoledi\/news\/wp-json\/wp\/v2\/is_homepage?post=4001"},{"taxonomy":"ta_other","embeddable":true,"href":"https:\/\/www.ilmercoledi.news\/ilmercoledi\/news\/wp-json\/wp\/v2\/ta_other?post=4001"}],"curies":[{"name":"wp","href":"https:\/\/api.w.org\/{rel}","templated":true}]}}