{"id":40140,"date":"2021-04-14T02:15:35","date_gmt":"2021-04-14T00:15:35","guid":{"rendered":"https:\/\/euwps02.newsmemory.com\/ilmercoledi\/news\/2021\/04\/14\/la-magia-di-luise-terzo-assoluto-al-sanremo\/"},"modified":"2021-04-14T02:21:59","modified_gmt":"2021-04-14T00:21:59","slug":"la-magia-di-luise-terzo-assoluto-al-sanremo","status":"publish","type":"post","link":"https:\/\/www.ilmercoledi.news\/2021\/04\/14\/la-magia-di-luise-terzo-assoluto-al-sanremo\/","title":{"rendered":"La magia di Luise, terzo assoluto al Sanremo"},"content":{"rendered":"<p>Matteo Luise si regala un compleanno da favola al Sanremo Rally Storico, primo atto del FIA European Historic Rally Championship e del Campionato Italiano Rally Auto Storiche, chiudendo sul terzo gradino del podio assoluto, assieme al compaesano Fabrizio Handel, ed ottenendo la seconda piazza nella generale di quarto raggruppamento, unita alla netta vittoria di classe E4, coronando un weekend da protagonista.<\/p>\n<p>Il pilota di Adria, ritornato alla guida della Subaru Legacy gruppo A di Balletti Motorsport con la quale aveva siglato la vittoria assoluta sulle strade di casa nel 2017, mai si sarebbe aspettato di poter essere cos\u00ec competitivo, alla seconda apparizione sulla vettura della casa delle Pleiadi.<\/p>\n<p>Principale incognita della vigilia era proprio l\u2019affiatamento con la rinnovata trazione integrale giapponese ma il portacolori del Team Bassano confermava la propria innata capacit\u00e0 di adattamento, chiudendo il primo trittico di speciali con un buon quinto posto assoluto ed in piena scia al pluricampione \u201cLucky\u201d, lontano soltanto poco pi\u00f9 di sette secondi prima di essere rallentato, in modo importante, da una scelta di gomme rivelatasi non troppo felice.<\/p>\n<p>Archiviata la prima frazione di gara, quella del Venerd\u00ec, si aprivano le danze della seconda, al Sabato, e tra il vicentino che si ritirava per una toccata e le Porsche che facevano la voce grossa Luise metteva nel mirino il terzo gradino del podio assoluto, mantenuto da \u201cZippo\u201d.<\/p>\n<p>Sulla speciale numero otto, quella di \u201cBignone\u201d, l\u2019adriese completava il sorpasso ai danni del pilota dell\u2019Audi Quattro, attestandosi sempre tra i migliori cinque scratch in prova.<\/p>\n<p>Man mano che i chilometri scorrevano sotto le ruote della Legacy il polesano continuava ad aumentare il feeling, consolidando la terza piazza assoluta grazie al quarto tempo sulla dieci.<\/p>\n<p>Sulla ripetizione di \u201cVignai\u201d, complici delle gomme arrivate alla frutta, Negri e \u201cZippo\u201d tentavano il rientro ma il provvidenziale intervento del team Balletti Motorsport risolveva la partita.<\/p>\n<p>\u201cDopo la seconda Vignai eravamo ormai senza gomme\u201d \u2013 racconta Luise \u2013 \u201ce, seppur mi sembri assurdo, i commissari non avevano permesso al nostro furgone di salire per la zona di assistenza consentita. I ragazzi di Balletti Motorsport si son fatti quasi un chilometro a piedi, con le gomme in spalla, per permetterci di cambiarle. Senza di loro non ce l\u2019avremmo fatta.\u201d<\/p>\n<p>Con delle coperture di nuovo fresche Luise tornava ad allungare sulla concorrenza e chiudeva sotto chiave il terzo posto finale, secondo di quarto raggruppamento e primo di classe E4, grazie al terzo parziale sulla \u201cBignone\u201d, al secondo sulla \u201cPerinaldo\u201d e sulla \u201cSemoigo\u201d.<\/p>\n<p>\u201c\u00c8 stato un weekend magico\u201d \u2013 aggiunge Luise \u2013 \u201ce voglio ringraziare in primis l\u2019amico Fabrizio, per la sua professionalit\u00e0 e perch\u00e8 \u00e8 stato impeccabile su tutta la gara. Ormai \u00e8 un professionista. Grazie a tutto il team Balletti Motorsport, per la fiducia che ci ha dato e per averci fornito una vettura perfetta. A parte cambiare gomme e controlli di routine non abbiamo mai avuto problemi. Su quattro gare, vissute con loro, abbiamo colto tre vittorie assolute, un secondo ed un terzo. Incredibile. Non potevo chiedere di meglio come regalo di compleanno.\u201d<\/p>\n","protected":false},"excerpt":{"rendered":"","protected":false},"author":10,"featured_media":40139,"comment_status":"open","ping_status":"closed","sticky":false,"template":"","format":"standard","meta":[],"categories":[10],"tags":[],"news-destination":[],"news-source":[],"is_homepage":[],"ta_other":[],"_links":{"self":[{"href":"https:\/\/www.ilmercoledi.news\/ilmercoledi\/news\/wp-json\/wp\/v2\/posts\/40140"}],"collection":[{"href":"https:\/\/www.ilmercoledi.news\/ilmercoledi\/news\/wp-json\/wp\/v2\/posts"}],"about":[{"href":"https:\/\/www.ilmercoledi.news\/ilmercoledi\/news\/wp-json\/wp\/v2\/types\/post"}],"author":[{"embeddable":true,"href":"https:\/\/www.ilmercoledi.news\/ilmercoledi\/news\/wp-json\/wp\/v2\/users\/10"}],"replies":[{"embeddable":true,"href":"https:\/\/www.ilmercoledi.news\/ilmercoledi\/news\/wp-json\/wp\/v2\/comments?post=40140"}],"version-history":[{"count":1,"href":"https:\/\/www.ilmercoledi.news\/ilmercoledi\/news\/wp-json\/wp\/v2\/posts\/40140\/revisions"}],"predecessor-version":[{"id":40150,"href":"https:\/\/www.ilmercoledi.news\/ilmercoledi\/news\/wp-json\/wp\/v2\/posts\/40140\/revisions\/40150"}],"wp:featuredmedia":[{"embeddable":true,"href":"https:\/\/www.ilmercoledi.news\/ilmercoledi\/news\/wp-json\/wp\/v2\/media\/40139"}],"wp:attachment":[{"href":"https:\/\/www.ilmercoledi.news\/ilmercoledi\/news\/wp-json\/wp\/v2\/media?parent=40140"}],"wp:term":[{"taxonomy":"category","embeddable":true,"href":"https:\/\/www.ilmercoledi.news\/ilmercoledi\/news\/wp-json\/wp\/v2\/categories?post=40140"},{"taxonomy":"post_tag","embeddable":true,"href":"https:\/\/www.ilmercoledi.news\/ilmercoledi\/news\/wp-json\/wp\/v2\/tags?post=40140"},{"taxonomy":"news-destination","embeddable":true,"href":"https:\/\/www.ilmercoledi.news\/ilmercoledi\/news\/wp-json\/wp\/v2\/news-destination?post=40140"},{"taxonomy":"news-source","embeddable":true,"href":"https:\/\/www.ilmercoledi.news\/ilmercoledi\/news\/wp-json\/wp\/v2\/news-source?post=40140"},{"taxonomy":"is_homepage","embeddable":true,"href":"https:\/\/www.ilmercoledi.news\/ilmercoledi\/news\/wp-json\/wp\/v2\/is_homepage?post=40140"},{"taxonomy":"ta_other","embeddable":true,"href":"https:\/\/www.ilmercoledi.news\/ilmercoledi\/news\/wp-json\/wp\/v2\/ta_other?post=40140"}],"curies":[{"name":"wp","href":"https:\/\/api.w.org\/{rel}","templated":true}]}}