{"id":40187,"date":"2021-04-16T02:09:30","date_gmt":"2021-04-16T00:09:30","guid":{"rendered":"https:\/\/euwps02.newsmemory.com\/ilmercoledi\/news\/2021\/04\/16\/rally-aspettando-il-team-971-sara-di-nuovo-sfida-tra-gagliasso-araldo-e-giorgioni\/"},"modified":"2021-04-16T02:11:32","modified_gmt":"2021-04-16T00:11:32","slug":"rally-aspettando-il-team-971-sara-di-nuovo-sfida-tra-gagliasso-araldo-e-giorgioni","status":"publish","type":"post","link":"https:\/\/www.ilmercoledi.news\/2021\/04\/16\/rally-aspettando-il-team-971-sara-di-nuovo-sfida-tra-gagliasso-araldo-e-giorgioni\/","title":{"rendered":"RALLY \u2013 Aspettando il Team 971. Sar\u00e0 di nuovo sfida tra Gagliasso-Araldo e Giorgioni?"},"content":{"rendered":"<p>Osservando il podio nelle due ultime edizioni con Gagliasso, Araldo e Giorgioni padroni dei tre gradini assoluti sia nel 2018 che nel 2019, non mancherebbero certo gli argomenti per scatenare gli specialisti delle statistiche. E se la legge del \u201cnon c\u2019\u00e8 il due senza il tre\u201d costituisse autorevole convinzione, con un po di fantasia potremo ipotizzare in anticipo il podio finale. Ma nei rally dove quasi sempre l\u2019incertezza e la fortuna sono componenti determinanti, previsioni e statistiche diventano allora esercizio assai poco appagante. Meglio affidarsi alle attese che la gara promossa dalla Rt Motorevent come sempre riesce ad offrire accompagnata dalla tradizione che da sempre fa di questa gara uno degli appuntamenti pi\u00f9 seguiti dagli appassionati piemontesi. Nel 2020 l\u2019emergenza sanitaria non ne permise lo svolgimento. E anche quest\u2019anno la gara che si snoda sulle colline fra il torinese e l\u2019astigiano verr\u00e0 disputata senza pubblico. Le novit\u00e0 pi\u00f9 importanti di questa edizione riguardano la tipologia di gara che affianca al rally moderno le storiche per il 13\u00b0 Rally Team Storico mentre dopo il Rally Citt\u00e0 di Torino 2020, anche il Team 971 vedr\u00e0 al via le vetture della Regolarit\u00e0 Sport. Diamo un\u2019occhiata ai possibili protagonisti da seguire magari davanti ad un monitor. Come detto, Patrick Gagliasso e Dario Beltramo, vincitori delle ultime due edizioni e sempre sul podio nelle ultime quattro,saranno al via su una Skoda Fabia e se la vedranno ancora con Jacopo Araldo e Lorena Boero che questa gara l\u2019hanno vinta nel 2016 e come Gagliasso avranno a disposizione la vettura Ceca. Con loro ancora Stefano Giorgioni che conta invece tre bronzi consecutivi e qui sar\u00e0 al via con Roberta Passone su una Hyundai I20. Ma attenzione per\u00f2. Perch\u00e8 oltre a loro, il Rally Team 971 presenta al via un parterre di prima qualit\u00e0. Ad iniziare da Luca Cantamessa e Lisa Bollito vincitori nel 2012 e 2014,pronti a rompere gli equilibri con la performante Wolskwagen Polo. Nella classe R5 da tenere d\u2019occhio anche Massimo Marasso e Luca Pieri (Skoda Fabia) Oliver Burri e Christophe Cler ,Angelo Morino e Elena Giovenale entrambi su una Polo, Francesco D\u2019Ambra e Federico Boglietti , Marco Luison insieme a Gloria Andreis, Mario Trolese e Emilio Martinotti, i canavesani Cristian Milano e Nicol\u00f2 Cottellero e Mauro Beltramo con Roberto Aresca tutti sulle Skoda. Da fuori zona troviamo poi gli svizzeri Jonatan Michellod e Stephany Fellay, i parmensi Luca Bertani e Stefano Oppimitti, i milanesi Vincenzo Tortorici e Fabio Andrian, i valtellinesi Stefano Moretti e Nicola Doglio a completare una egemonia pressoch\u00e8 totale del marchio Skoda. Fra le Super 1.6 interessante la sfida fra Loris Ronzano con Mario Cerutti e Claudio Marenco insieme a Marina Melella sulle Renault Clio.L\u2019elenco iscritti del Team 971 edizione 2021 vede inoltre al via  i polacchi  Ilnick Piotr e Oskar Tichanowicz su una Citroen C2. e i tedeschi  Thomas Sobek e Siegi Sckrankl  su una Mitsubishi  N4. Il percorso  si snoda lungo tre prove speciali da ripetere per un totale di 57 chilometri cronometrati. Si parte sabato 17 Aprile quando, svolte le formalit\u00e0 burocratiche \u00e8 previsto lo shake down dalle 15.00 alle 19.00. Il via della gara Domenica alle ore 8.16 da Piazza Freidano a Settimo Torinese. Come detto, i parziali di Moransengo, Albugnano e Robella verranno disputati due volte. L\u2019arrivo finale alle ore 17.39 sempre a Settimo Torinese.<\/p>\n","protected":false},"excerpt":{"rendered":"","protected":false},"author":10,"featured_media":40185,"comment_status":"open","ping_status":"closed","sticky":false,"template":"","format":"standard","meta":[],"categories":[10],"tags":[],"news-destination":[],"news-source":[],"is_homepage":[],"ta_other":[],"_links":{"self":[{"href":"https:\/\/www.ilmercoledi.news\/ilmercoledi\/news\/wp-json\/wp\/v2\/posts\/40187"}],"collection":[{"href":"https:\/\/www.ilmercoledi.news\/ilmercoledi\/news\/wp-json\/wp\/v2\/posts"}],"about":[{"href":"https:\/\/www.ilmercoledi.news\/ilmercoledi\/news\/wp-json\/wp\/v2\/types\/post"}],"author":[{"embeddable":true,"href":"https:\/\/www.ilmercoledi.news\/ilmercoledi\/news\/wp-json\/wp\/v2\/users\/10"}],"replies":[{"embeddable":true,"href":"https:\/\/www.ilmercoledi.news\/ilmercoledi\/news\/wp-json\/wp\/v2\/comments?post=40187"}],"version-history":[{"count":1,"href":"https:\/\/www.ilmercoledi.news\/ilmercoledi\/news\/wp-json\/wp\/v2\/posts\/40187\/revisions"}],"predecessor-version":[{"id":40220,"href":"https:\/\/www.ilmercoledi.news\/ilmercoledi\/news\/wp-json\/wp\/v2\/posts\/40187\/revisions\/40220"}],"wp:featuredmedia":[{"embeddable":true,"href":"https:\/\/www.ilmercoledi.news\/ilmercoledi\/news\/wp-json\/wp\/v2\/media\/40185"}],"wp:attachment":[{"href":"https:\/\/www.ilmercoledi.news\/ilmercoledi\/news\/wp-json\/wp\/v2\/media?parent=40187"}],"wp:term":[{"taxonomy":"category","embeddable":true,"href":"https:\/\/www.ilmercoledi.news\/ilmercoledi\/news\/wp-json\/wp\/v2\/categories?post=40187"},{"taxonomy":"post_tag","embeddable":true,"href":"https:\/\/www.ilmercoledi.news\/ilmercoledi\/news\/wp-json\/wp\/v2\/tags?post=40187"},{"taxonomy":"news-destination","embeddable":true,"href":"https:\/\/www.ilmercoledi.news\/ilmercoledi\/news\/wp-json\/wp\/v2\/news-destination?post=40187"},{"taxonomy":"news-source","embeddable":true,"href":"https:\/\/www.ilmercoledi.news\/ilmercoledi\/news\/wp-json\/wp\/v2\/news-source?post=40187"},{"taxonomy":"is_homepage","embeddable":true,"href":"https:\/\/www.ilmercoledi.news\/ilmercoledi\/news\/wp-json\/wp\/v2\/is_homepage?post=40187"},{"taxonomy":"ta_other","embeddable":true,"href":"https:\/\/www.ilmercoledi.news\/ilmercoledi\/news\/wp-json\/wp\/v2\/ta_other?post=40187"}],"curies":[{"name":"wp","href":"https:\/\/api.w.org\/{rel}","templated":true}]}}