{"id":40332,"date":"2021-04-21T15:59:31","date_gmt":"2021-04-21T13:59:31","guid":{"rendered":"https:\/\/euwps02.newsmemory.com\/ilmercoledi\/news\/?p=40332"},"modified":"2021-04-21T16:01:11","modified_gmt":"2021-04-21T14:01:11","slug":"nichelino-via-al-servizio-di-monopattini-sharing-con-la-benedizione-della-citta-metropolitana","status":"publish","type":"post","link":"https:\/\/www.ilmercoledi.news\/2021\/04\/21\/nichelino-via-al-servizio-di-monopattini-sharing-con-la-benedizione-della-citta-metropolitana\/","title":{"rendered":"NICHELINO &#8211; Via al servizio di monopattini sharing, con la benedizione della Citt\u00e0 Metropolitana"},"content":{"rendered":"<p>\u00c8 gi\u00e0 presente a Collegno, e in corso di attivazione a Grugliasco e a Nichelino, il servizio di micromobilit\u00e0 che era stato lanciato a ottobre dell\u2019anno scorso con un bando della Citt\u00e0 metropolitana che mirava a individuare operatori interessati a fornire questo tipo di servizio, costituito dall\u2019utilizzo in condivisione di monopattini elettrici. Oltre ai Comuni citati, ha manifestato il proprio interesse Venaria Reale. Tre gli operatori attivi a Collegno, e presto presenti a Grugliasco e a Nichelino: Bird, Dott ed Helbiz. Per ora il servizio riguarda solo i monopattini elettrici. Altri Comuni sono in attesa di ricevere manifestazioni di interesse da parte degli operatori di micromobilit\u00e0: Carmagnola, Chieri, Chivasso, Ivrea, Moncalieri, Pinerolo, Rivoli. Citt\u00e0 metropolitana, Agenzia per la mobilit\u00e0 piemontese e gli operatori interessati hanno costituito un tavolo di lavoro per monitorare costantemente il servizio e migliorarlo, rendendolo uniforme in termini di qualit\u00e0 e degli obiettivi di sostenibilit\u00e0 su tutto il territorio metropolitano. &#8220;La Citt\u00e0 metropolitana \u00e8 impegnata a sviluppare politiche di contrasto all&#8217;inquinamento atmosferico, di miglioramento della qualit\u00e0 dell&#8217;aria, di inclusione delle aree pi\u00f9 periferiche e per il decongestionamento del traffico e dello spazio pubblico&#8221; spiega il consigliere delegato ai trasporti Dimitri De Vita. &#8220;Certamente in quest&#8217;ottica i servizi di micromobilit\u00e0 sono un tassello fondamentale, sia per i grandi Comuni che per quelli pi\u00f9 piccoli, per i quali costituiscono anche strumenti di sviluppo turistico. Per questo il servizio deve fornire garanzie di qualit\u00e0 omogenee su tutto il territorio: la creazione di una sorta di &#8216;albo&#8217; degli operatori interessati consente di incrociare meglio la domanda e l&#8217;offerta e di mantenere alto lo standard qualitativo e aderente alle necessit\u00e0 del territorio&#8221;.<\/p>\n","protected":false},"excerpt":{"rendered":"","protected":false},"author":11,"featured_media":10400,"comment_status":"open","ping_status":"closed","sticky":false,"template":"","format":"standard","meta":[],"categories":[34],"tags":[],"news-destination":[],"news-source":[],"is_homepage":[],"ta_other":[],"_links":{"self":[{"href":"https:\/\/www.ilmercoledi.news\/ilmercoledi\/news\/wp-json\/wp\/v2\/posts\/40332"}],"collection":[{"href":"https:\/\/www.ilmercoledi.news\/ilmercoledi\/news\/wp-json\/wp\/v2\/posts"}],"about":[{"href":"https:\/\/www.ilmercoledi.news\/ilmercoledi\/news\/wp-json\/wp\/v2\/types\/post"}],"author":[{"embeddable":true,"href":"https:\/\/www.ilmercoledi.news\/ilmercoledi\/news\/wp-json\/wp\/v2\/users\/11"}],"replies":[{"embeddable":true,"href":"https:\/\/www.ilmercoledi.news\/ilmercoledi\/news\/wp-json\/wp\/v2\/comments?post=40332"}],"version-history":[{"count":0,"href":"https:\/\/www.ilmercoledi.news\/ilmercoledi\/news\/wp-json\/wp\/v2\/posts\/40332\/revisions"}],"wp:featuredmedia":[{"embeddable":true,"href":"https:\/\/www.ilmercoledi.news\/ilmercoledi\/news\/wp-json\/wp\/v2\/media\/10400"}],"wp:attachment":[{"href":"https:\/\/www.ilmercoledi.news\/ilmercoledi\/news\/wp-json\/wp\/v2\/media?parent=40332"}],"wp:term":[{"taxonomy":"category","embeddable":true,"href":"https:\/\/www.ilmercoledi.news\/ilmercoledi\/news\/wp-json\/wp\/v2\/categories?post=40332"},{"taxonomy":"post_tag","embeddable":true,"href":"https:\/\/www.ilmercoledi.news\/ilmercoledi\/news\/wp-json\/wp\/v2\/tags?post=40332"},{"taxonomy":"news-destination","embeddable":true,"href":"https:\/\/www.ilmercoledi.news\/ilmercoledi\/news\/wp-json\/wp\/v2\/news-destination?post=40332"},{"taxonomy":"news-source","embeddable":true,"href":"https:\/\/www.ilmercoledi.news\/ilmercoledi\/news\/wp-json\/wp\/v2\/news-source?post=40332"},{"taxonomy":"is_homepage","embeddable":true,"href":"https:\/\/www.ilmercoledi.news\/ilmercoledi\/news\/wp-json\/wp\/v2\/is_homepage?post=40332"},{"taxonomy":"ta_other","embeddable":true,"href":"https:\/\/www.ilmercoledi.news\/ilmercoledi\/news\/wp-json\/wp\/v2\/ta_other?post=40332"}],"curies":[{"name":"wp","href":"https:\/\/api.w.org\/{rel}","templated":true}]}}