{"id":40508,"date":"2021-05-03T14:48:15","date_gmt":"2021-05-03T12:48:15","guid":{"rendered":"https:\/\/euwps02.newsmemory.com\/ilmercoledi\/news\/?p=40508"},"modified":"2021-05-03T14:53:38","modified_gmt":"2021-05-03T12:53:38","slug":"moncalieri-riparte-chiedi-al-commercialista-in-via-real-collegio","status":"publish","type":"post","link":"https:\/\/www.ilmercoledi.news\/2021\/05\/03\/moncalieri-riparte-chiedi-al-commercialista-in-via-real-collegio\/","title":{"rendered":"MONCALIERI &#8211; Riparte &#8220;Chiedi al commercialista&#8221;, in via Real Collegio"},"content":{"rendered":"<p>Marted\u00ec 11 maggio riapre lo sportello dedicato ai cittadini che desiderano approfondire aspetti fiscali legati a temi come l&#8217;associazionismo, l&#8217;imprenditoria, le fonti di finanziamento, la partita IVA, il lavoro atipico. \u00a0 Quando si decide di avviare un&#8217;attivit\u00e0 autonoma o un&#8217;associazione spesso sorgono mille interrogativi soprattutto sulle procedure fiscali. Come si redige uno statuto? Quali sono obblighi e imposte?\u00a0 Quando conviene aprire la partita IVA agevolata? E&#8217; possibile ricevere finanziamenti? In questi casi pu\u00f2 essere utile sentire il parere di un esperto che pu\u00f2 dare un primo consiglio orientativo. Chiedi al commercialista \u00e8 un servizio promosso dal Comune di Moncalieri in collaborazione con l&#8217;Ordine dei commercialisti ed Esperti Contabili,\u00a0 \u00e8\u00a0 dedicato a tutti i cittadini e offre la possibilit\u00e0 di prenotare una consulenza della durata di 30 minuti con un esperto commercialista su tematiche specifiche in ambito fiscale.\u00a0 Appuntamento\u00a0in Via Real Collegio 44 di marted\u00ec dalle ore 15 alle ore 17.<\/p>\n","protected":false},"excerpt":{"rendered":"","protected":false},"author":11,"featured_media":4560,"comment_status":"open","ping_status":"closed","sticky":false,"template":"","format":"standard","meta":[],"categories":[34],"tags":[],"news-destination":[],"news-source":[],"is_homepage":[],"ta_other":[],"_links":{"self":[{"href":"https:\/\/www.ilmercoledi.news\/ilmercoledi\/news\/wp-json\/wp\/v2\/posts\/40508"}],"collection":[{"href":"https:\/\/www.ilmercoledi.news\/ilmercoledi\/news\/wp-json\/wp\/v2\/posts"}],"about":[{"href":"https:\/\/www.ilmercoledi.news\/ilmercoledi\/news\/wp-json\/wp\/v2\/types\/post"}],"author":[{"embeddable":true,"href":"https:\/\/www.ilmercoledi.news\/ilmercoledi\/news\/wp-json\/wp\/v2\/users\/11"}],"replies":[{"embeddable":true,"href":"https:\/\/www.ilmercoledi.news\/ilmercoledi\/news\/wp-json\/wp\/v2\/comments?post=40508"}],"version-history":[{"count":1,"href":"https:\/\/www.ilmercoledi.news\/ilmercoledi\/news\/wp-json\/wp\/v2\/posts\/40508\/revisions"}],"predecessor-version":[{"id":40509,"href":"https:\/\/www.ilmercoledi.news\/ilmercoledi\/news\/wp-json\/wp\/v2\/posts\/40508\/revisions\/40509"}],"wp:featuredmedia":[{"embeddable":true,"href":"https:\/\/www.ilmercoledi.news\/ilmercoledi\/news\/wp-json\/wp\/v2\/media\/4560"}],"wp:attachment":[{"href":"https:\/\/www.ilmercoledi.news\/ilmercoledi\/news\/wp-json\/wp\/v2\/media?parent=40508"}],"wp:term":[{"taxonomy":"category","embeddable":true,"href":"https:\/\/www.ilmercoledi.news\/ilmercoledi\/news\/wp-json\/wp\/v2\/categories?post=40508"},{"taxonomy":"post_tag","embeddable":true,"href":"https:\/\/www.ilmercoledi.news\/ilmercoledi\/news\/wp-json\/wp\/v2\/tags?post=40508"},{"taxonomy":"news-destination","embeddable":true,"href":"https:\/\/www.ilmercoledi.news\/ilmercoledi\/news\/wp-json\/wp\/v2\/news-destination?post=40508"},{"taxonomy":"news-source","embeddable":true,"href":"https:\/\/www.ilmercoledi.news\/ilmercoledi\/news\/wp-json\/wp\/v2\/news-source?post=40508"},{"taxonomy":"is_homepage","embeddable":true,"href":"https:\/\/www.ilmercoledi.news\/ilmercoledi\/news\/wp-json\/wp\/v2\/is_homepage?post=40508"},{"taxonomy":"ta_other","embeddable":true,"href":"https:\/\/www.ilmercoledi.news\/ilmercoledi\/news\/wp-json\/wp\/v2\/ta_other?post=40508"}],"curies":[{"name":"wp","href":"https:\/\/api.w.org\/{rel}","templated":true}]}}