{"id":40692,"date":"2021-05-13T15:29:12","date_gmt":"2021-05-13T13:29:12","guid":{"rendered":"https:\/\/euwps02.newsmemory.com\/ilmercoledi\/news\/?p=40692"},"modified":"2021-05-13T15:31:46","modified_gmt":"2021-05-13T13:31:46","slug":"moncalieri-la-tragedia-del-multipiano-un-giovanissimo-si-butta-giu-nel-vuoto","status":"publish","type":"post","link":"https:\/\/www.ilmercoledi.news\/2021\/05\/13\/moncalieri-la-tragedia-del-multipiano-un-giovanissimo-si-butta-giu-nel-vuoto\/","title":{"rendered":"MONCALIERI &#8211; La tragedia del multipiano: un giovanissimo si butta gi\u00f9 nel vuoto"},"content":{"rendered":"<p>Un ragazzino di 18 anni \u00e8 morto questa mattina, dopo essersi buttato gi\u00f9 dal parcheggio multipiano di Moncalieri. Il giovane, secondo le ricostruzioni, \u00e8 salito fin sopra la terrazza di piazzale Aldo Moro e poi si \u00e8 lasciato cadere. Ignoti i motivi del tragico gesto. Carabinieri e polizia locale stanno cercando di ricostruire gli ultimi giorni del giovane per capire quale motivo possa averlo spinto ad un gesti simile.<\/p>\n","protected":false},"excerpt":{"rendered":"","protected":false},"author":11,"featured_media":40691,"comment_status":"open","ping_status":"closed","sticky":false,"template":"","format":"standard","meta":[],"categories":[34],"tags":[],"news-destination":[],"news-source":[],"is_homepage":[],"ta_other":[],"_links":{"self":[{"href":"https:\/\/www.ilmercoledi.news\/ilmercoledi\/news\/wp-json\/wp\/v2\/posts\/40692"}],"collection":[{"href":"https:\/\/www.ilmercoledi.news\/ilmercoledi\/news\/wp-json\/wp\/v2\/posts"}],"about":[{"href":"https:\/\/www.ilmercoledi.news\/ilmercoledi\/news\/wp-json\/wp\/v2\/types\/post"}],"author":[{"embeddable":true,"href":"https:\/\/www.ilmercoledi.news\/ilmercoledi\/news\/wp-json\/wp\/v2\/users\/11"}],"replies":[{"embeddable":true,"href":"https:\/\/www.ilmercoledi.news\/ilmercoledi\/news\/wp-json\/wp\/v2\/comments?post=40692"}],"version-history":[{"count":0,"href":"https:\/\/www.ilmercoledi.news\/ilmercoledi\/news\/wp-json\/wp\/v2\/posts\/40692\/revisions"}],"wp:featuredmedia":[{"embeddable":true,"href":"https:\/\/www.ilmercoledi.news\/ilmercoledi\/news\/wp-json\/wp\/v2\/media\/40691"}],"wp:attachment":[{"href":"https:\/\/www.ilmercoledi.news\/ilmercoledi\/news\/wp-json\/wp\/v2\/media?parent=40692"}],"wp:term":[{"taxonomy":"category","embeddable":true,"href":"https:\/\/www.ilmercoledi.news\/ilmercoledi\/news\/wp-json\/wp\/v2\/categories?post=40692"},{"taxonomy":"post_tag","embeddable":true,"href":"https:\/\/www.ilmercoledi.news\/ilmercoledi\/news\/wp-json\/wp\/v2\/tags?post=40692"},{"taxonomy":"news-destination","embeddable":true,"href":"https:\/\/www.ilmercoledi.news\/ilmercoledi\/news\/wp-json\/wp\/v2\/news-destination?post=40692"},{"taxonomy":"news-source","embeddable":true,"href":"https:\/\/www.ilmercoledi.news\/ilmercoledi\/news\/wp-json\/wp\/v2\/news-source?post=40692"},{"taxonomy":"is_homepage","embeddable":true,"href":"https:\/\/www.ilmercoledi.news\/ilmercoledi\/news\/wp-json\/wp\/v2\/is_homepage?post=40692"},{"taxonomy":"ta_other","embeddable":true,"href":"https:\/\/www.ilmercoledi.news\/ilmercoledi\/news\/wp-json\/wp\/v2\/ta_other?post=40692"}],"curies":[{"name":"wp","href":"https:\/\/api.w.org\/{rel}","templated":true}]}}