{"id":41893,"date":"2021-07-23T05:55:53","date_gmt":"2021-07-23T03:55:53","guid":{"rendered":"https:\/\/euwps02.newsmemory.com\/ilmercoledi\/news\/?p=41893"},"modified":"2021-07-23T05:56:54","modified_gmt":"2021-07-23T03:56:54","slug":"covid-ad-agosto-scatta-lobbligo-green-pass-per-accedere-a-determinati-luoghi","status":"publish","type":"post","link":"https:\/\/www.ilmercoledi.news\/2021\/07\/23\/covid-ad-agosto-scatta-lobbligo-green-pass-per-accedere-a-determinati-luoghi\/","title":{"rendered":"COVID &#8211; Ad agosto scatta l&#8217;obbligo green pass per accedere a determinati luoghi"},"content":{"rendered":"<p>In merito alla pandemia da Covid e alle sue varianti pi\u00f9 contagiose ilgoverno ha confermato la proroga dello stato di emergenza al 31\u00a0dicembre. Per quanto riguarda l&#8217;obbligo del green pass si \u00e8 deciso che al bar e al ristorante dovr\u00e0 essere esibito solo al tavolo, ma solo se la consumazione avverr\u00e0 all&#8217;interno del locale. Inoltre sar\u00e0 necessario per i grandi eventi e per entrare a teatro, al cinema, in palestra, a fiere, congressi, concorsi e anche allo stadio: diventer\u00e0 obbligatorio a partire dal 6 agosto per tutti i cittadini dai 12 anni in su e sar\u00e0 valido per chi abbia avuto almeno una dose di vaccino, abbia fatto un tampone negativo nelle 48 ore precedenti o sia guarito dal Covid nei sei mesi precedenti.<\/p>\n","protected":false},"excerpt":{"rendered":"","protected":false},"author":10,"featured_media":41892,"comment_status":"open","ping_status":"closed","sticky":false,"template":"","format":"standard","meta":[],"categories":[395,522],"tags":[],"news-destination":[],"news-source":[],"is_homepage":[],"ta_other":[],"_links":{"self":[{"href":"https:\/\/www.ilmercoledi.news\/ilmercoledi\/news\/wp-json\/wp\/v2\/posts\/41893"}],"collection":[{"href":"https:\/\/www.ilmercoledi.news\/ilmercoledi\/news\/wp-json\/wp\/v2\/posts"}],"about":[{"href":"https:\/\/www.ilmercoledi.news\/ilmercoledi\/news\/wp-json\/wp\/v2\/types\/post"}],"author":[{"embeddable":true,"href":"https:\/\/www.ilmercoledi.news\/ilmercoledi\/news\/wp-json\/wp\/v2\/users\/10"}],"replies":[{"embeddable":true,"href":"https:\/\/www.ilmercoledi.news\/ilmercoledi\/news\/wp-json\/wp\/v2\/comments?post=41893"}],"version-history":[{"count":0,"href":"https:\/\/www.ilmercoledi.news\/ilmercoledi\/news\/wp-json\/wp\/v2\/posts\/41893\/revisions"}],"wp:featuredmedia":[{"embeddable":true,"href":"https:\/\/www.ilmercoledi.news\/ilmercoledi\/news\/wp-json\/wp\/v2\/media\/41892"}],"wp:attachment":[{"href":"https:\/\/www.ilmercoledi.news\/ilmercoledi\/news\/wp-json\/wp\/v2\/media?parent=41893"}],"wp:term":[{"taxonomy":"category","embeddable":true,"href":"https:\/\/www.ilmercoledi.news\/ilmercoledi\/news\/wp-json\/wp\/v2\/categories?post=41893"},{"taxonomy":"post_tag","embeddable":true,"href":"https:\/\/www.ilmercoledi.news\/ilmercoledi\/news\/wp-json\/wp\/v2\/tags?post=41893"},{"taxonomy":"news-destination","embeddable":true,"href":"https:\/\/www.ilmercoledi.news\/ilmercoledi\/news\/wp-json\/wp\/v2\/news-destination?post=41893"},{"taxonomy":"news-source","embeddable":true,"href":"https:\/\/www.ilmercoledi.news\/ilmercoledi\/news\/wp-json\/wp\/v2\/news-source?post=41893"},{"taxonomy":"is_homepage","embeddable":true,"href":"https:\/\/www.ilmercoledi.news\/ilmercoledi\/news\/wp-json\/wp\/v2\/is_homepage?post=41893"},{"taxonomy":"ta_other","embeddable":true,"href":"https:\/\/www.ilmercoledi.news\/ilmercoledi\/news\/wp-json\/wp\/v2\/ta_other?post=41893"}],"curies":[{"name":"wp","href":"https:\/\/api.w.org\/{rel}","templated":true}]}}