{"id":41928,"date":"2021-07-26T02:02:12","date_gmt":"2021-07-26T00:02:12","guid":{"rendered":"https:\/\/euwps02.newsmemory.com\/ilmercoledi\/news\/?p=41928"},"modified":"2021-07-26T02:05:19","modified_gmt":"2021-07-26T00:05:19","slug":"mese-loggese-la-serata-finale-si-recupera-il-29","status":"publish","type":"post","link":"https:\/\/www.ilmercoledi.news\/2021\/07\/26\/mese-loggese-la-serata-finale-si-recupera-il-29\/","title":{"rendered":"Mese Loggese, la serata finale si recupera il 29"},"content":{"rendered":"<p align=\"JUSTIFY\">Troppo incerte le condizioni meteo della domenica appena trascorsa perch\u00e9 pro loco e Comune potessero mettere in scena la prevista serata finale del Mese Loggese, tra l&#8217;altro concomitante con la festa patronale di San Giacomo. Cos\u00ec si \u00e8 deciso di spostare in blocco il programma a domani, gioved\u00ec 29 luglio, alle 21, sempre nella centralissima piazza Cavour. Invariata la proposta d&#8217;intrattenimento che vedr\u00e0 dapprima l&#8217;esibizione del duo comico \u00abMarco&amp;Mauro\u00bb, il quale proporr\u00e0 un esilarante duetto di cabaret denominato \u00abIl girone dei piemontesi\u00bb. A seguire, per chiudere in bellezza, un momento pirotecnico con i fuochi d&#8217;artificio digitali di Simone Sola.<\/p>\n","protected":false},"excerpt":{"rendered":"","protected":false},"author":10,"featured_media":41927,"comment_status":"open","ping_status":"closed","sticky":false,"template":"","format":"standard","meta":[],"categories":[34,9],"tags":[],"news-destination":[],"news-source":[],"is_homepage":[],"ta_other":[],"_links":{"self":[{"href":"https:\/\/www.ilmercoledi.news\/ilmercoledi\/news\/wp-json\/wp\/v2\/posts\/41928"}],"collection":[{"href":"https:\/\/www.ilmercoledi.news\/ilmercoledi\/news\/wp-json\/wp\/v2\/posts"}],"about":[{"href":"https:\/\/www.ilmercoledi.news\/ilmercoledi\/news\/wp-json\/wp\/v2\/types\/post"}],"author":[{"embeddable":true,"href":"https:\/\/www.ilmercoledi.news\/ilmercoledi\/news\/wp-json\/wp\/v2\/users\/10"}],"replies":[{"embeddable":true,"href":"https:\/\/www.ilmercoledi.news\/ilmercoledi\/news\/wp-json\/wp\/v2\/comments?post=41928"}],"version-history":[{"count":1,"href":"https:\/\/www.ilmercoledi.news\/ilmercoledi\/news\/wp-json\/wp\/v2\/posts\/41928\/revisions"}],"predecessor-version":[{"id":41952,"href":"https:\/\/www.ilmercoledi.news\/ilmercoledi\/news\/wp-json\/wp\/v2\/posts\/41928\/revisions\/41952"}],"wp:featuredmedia":[{"embeddable":true,"href":"https:\/\/www.ilmercoledi.news\/ilmercoledi\/news\/wp-json\/wp\/v2\/media\/41927"}],"wp:attachment":[{"href":"https:\/\/www.ilmercoledi.news\/ilmercoledi\/news\/wp-json\/wp\/v2\/media?parent=41928"}],"wp:term":[{"taxonomy":"category","embeddable":true,"href":"https:\/\/www.ilmercoledi.news\/ilmercoledi\/news\/wp-json\/wp\/v2\/categories?post=41928"},{"taxonomy":"post_tag","embeddable":true,"href":"https:\/\/www.ilmercoledi.news\/ilmercoledi\/news\/wp-json\/wp\/v2\/tags?post=41928"},{"taxonomy":"news-destination","embeddable":true,"href":"https:\/\/www.ilmercoledi.news\/ilmercoledi\/news\/wp-json\/wp\/v2\/news-destination?post=41928"},{"taxonomy":"news-source","embeddable":true,"href":"https:\/\/www.ilmercoledi.news\/ilmercoledi\/news\/wp-json\/wp\/v2\/news-source?post=41928"},{"taxonomy":"is_homepage","embeddable":true,"href":"https:\/\/www.ilmercoledi.news\/ilmercoledi\/news\/wp-json\/wp\/v2\/is_homepage?post=41928"},{"taxonomy":"ta_other","embeddable":true,"href":"https:\/\/www.ilmercoledi.news\/ilmercoledi\/news\/wp-json\/wp\/v2\/ta_other?post=41928"}],"curies":[{"name":"wp","href":"https:\/\/api.w.org\/{rel}","templated":true}]}}