{"id":42023,"date":"2021-07-28T12:36:23","date_gmt":"2021-07-28T10:36:23","guid":{"rendered":"https:\/\/euwps02.newsmemory.com\/ilmercoledi\/news\/?p=42023"},"modified":"2021-07-28T12:40:34","modified_gmt":"2021-07-28T10:40:34","slug":"ospedale-to5-nichelino-lancia-debouche","status":"publish","type":"post","link":"https:\/\/www.ilmercoledi.news\/2021\/07\/28\/ospedale-to5-nichelino-lancia-debouche\/","title":{"rendered":"Ospedale To5, Nichelino lancia Debouch\u00e9"},"content":{"rendered":"<p>NICHELINO &#8211; Ennesimo colpo di scena nella travagliata vicenda dell&#8217;ospedale dell&#8217;Asl To5. All&#8217;indomani della lettera dell&#8217;assessore regionale alla Sanit\u00e0, Luigi Icardi, che ha annunciato la costituzione di un gruppo tecnico di lavoro che dovr\u00e0 fare sintesi dello studio comparativo di Ires sulle aree Vad\u00f2-Moncalieri, Cambiano e Villastellone atteso per settembre, il sindaco di centrosinistra Giampiero Tolardo cala l&#8217;asso nella manica mettendo sul piatto l&#8217;area di Debouch\u00e9. &#8220;Non c&#8217;\u00e8 pi\u00f9 tempo &#8211; esordisce Tolardo &#8211; Alla luce di quanto successo nell&#8217;ultimo anno e mezzo di pandemia, la Regione deve arrivare a una decisione rapida. Per questo motivo, sentiti i colleghi sindaci del territorio, la citt\u00e0 di Nichelino propone come sito idoneo l&#8217;area che gi\u00e0 ospita il distretto sanitario e una Rsa. In questo modo si potrebbe creare un polo sanitario d&#8217;eccellenza a s supporto degli attuali ospedali di Chieri, Carmagnola e Moncalieri&#8221;. Debouch\u00e9, per il sindaco Tolardo e l&#8217;amministrazione di Nichelino, \u00e8 strategica sia in termini di mobilit\u00e0 che di risposta sanitaria: vicino allo svincolo della tangenziale, sede di una fermata della metropolitana come previsto dalla studio sul prolungamento della linea 1, ridurrebbe la fuga dei cittadini verso gli ospedali torinesi. &#8220;Un&#8217;area che ha tutte le caratteristiche richieste dai diversi studi e in pi\u00f9 rende possibile una valorizzazione di un&#8217;area oggi solo residenziale. L&#8217;ospedale dell&#8217;Asl To5 resta una priorit\u00e0 non solo per la politica di parte ma per i piemontesi&#8221;, aggiunge il consigliere regionale Diego Sarno (Pd). La proposta di Nichelino \u00e8 stata formalizzata in una lettera che il sindaco Tolardo invier\u00e0 all&#8217;assessore Icardi e al direttore generale dell&#8217;Asl To5, Pescarmona.<\/p>\n","protected":false},"excerpt":{"rendered":"","protected":false},"author":8,"featured_media":42022,"comment_status":"open","ping_status":"closed","sticky":false,"template":"","format":"standard","meta":[],"categories":[8],"tags":[],"news-destination":[],"news-source":[],"is_homepage":[],"ta_other":[],"_links":{"self":[{"href":"https:\/\/www.ilmercoledi.news\/ilmercoledi\/news\/wp-json\/wp\/v2\/posts\/42023"}],"collection":[{"href":"https:\/\/www.ilmercoledi.news\/ilmercoledi\/news\/wp-json\/wp\/v2\/posts"}],"about":[{"href":"https:\/\/www.ilmercoledi.news\/ilmercoledi\/news\/wp-json\/wp\/v2\/types\/post"}],"author":[{"embeddable":true,"href":"https:\/\/www.ilmercoledi.news\/ilmercoledi\/news\/wp-json\/wp\/v2\/users\/8"}],"replies":[{"embeddable":true,"href":"https:\/\/www.ilmercoledi.news\/ilmercoledi\/news\/wp-json\/wp\/v2\/comments?post=42023"}],"version-history":[{"count":1,"href":"https:\/\/www.ilmercoledi.news\/ilmercoledi\/news\/wp-json\/wp\/v2\/posts\/42023\/revisions"}],"predecessor-version":[{"id":42024,"href":"https:\/\/www.ilmercoledi.news\/ilmercoledi\/news\/wp-json\/wp\/v2\/posts\/42023\/revisions\/42024"}],"wp:featuredmedia":[{"embeddable":true,"href":"https:\/\/www.ilmercoledi.news\/ilmercoledi\/news\/wp-json\/wp\/v2\/media\/42022"}],"wp:attachment":[{"href":"https:\/\/www.ilmercoledi.news\/ilmercoledi\/news\/wp-json\/wp\/v2\/media?parent=42023"}],"wp:term":[{"taxonomy":"category","embeddable":true,"href":"https:\/\/www.ilmercoledi.news\/ilmercoledi\/news\/wp-json\/wp\/v2\/categories?post=42023"},{"taxonomy":"post_tag","embeddable":true,"href":"https:\/\/www.ilmercoledi.news\/ilmercoledi\/news\/wp-json\/wp\/v2\/tags?post=42023"},{"taxonomy":"news-destination","embeddable":true,"href":"https:\/\/www.ilmercoledi.news\/ilmercoledi\/news\/wp-json\/wp\/v2\/news-destination?post=42023"},{"taxonomy":"news-source","embeddable":true,"href":"https:\/\/www.ilmercoledi.news\/ilmercoledi\/news\/wp-json\/wp\/v2\/news-source?post=42023"},{"taxonomy":"is_homepage","embeddable":true,"href":"https:\/\/www.ilmercoledi.news\/ilmercoledi\/news\/wp-json\/wp\/v2\/is_homepage?post=42023"},{"taxonomy":"ta_other","embeddable":true,"href":"https:\/\/www.ilmercoledi.news\/ilmercoledi\/news\/wp-json\/wp\/v2\/ta_other?post=42023"}],"curies":[{"name":"wp","href":"https:\/\/api.w.org\/{rel}","templated":true}]}}