{"id":4210,"date":"2018-03-26T09:34:41","date_gmt":"2018-03-26T07:34:41","guid":{"rendered":"http:\/\/euwps02.tecnavia.com\/ilmercoledi\/news\/?p=4210"},"modified":"2018-03-26T09:34:42","modified_gmt":"2018-03-26T07:34:42","slug":"la-sport-rally-team-carmagnola-apre-le-iscrizioni-al-valli-cuneesi","status":"publish","type":"post","link":"https:\/\/www.ilmercoledi.news\/2018\/03\/26\/la-sport-rally-team-carmagnola-apre-le-iscrizioni-al-valli-cuneesi\/","title":{"rendered":"La Sport Rally Team Carmagnola apre le iscrizioni al Valli Cuneesi"},"content":{"rendered":"<p>CARMAGNOLA &#8211; Da mercoled\u00ec 28 marzo al prossimo 23 aprile iscrizioni aperte per il 24\u00b0 rally delle Valli Cuneesi che si svolger\u00e0 a Dronero e dintorni il 27 e 28 aprile. Un\u2019edizione speciale, per la gara organizzata come sempre dello Sport Rally Team di Carmagnola, guidato da Piero Capello. Non pi\u00f9 settembrina ma insolitamente primaverile, la competizione aprir\u00e0 quest\u2019anno la serie della Coppa Italia Rally 2018 in Prima Zona, il campionato regionale firmato Aci Sport articolato su quattro date (seguiranno Alba, Lanterna e Rubinetto). Forti della riuscita esperienza dell\u2019anno scorso, i 4 organizzatori si sono di nuovo \u201cfederati\u201d e hanno dato vita al Trofeo Pirelli, un montepremi congiunto reso possibile dalla sponsorizzazione dell\u2019importante Casa italiana del ramo pneumatici, il cui supporto consente di mettere in palio un insieme di premi, anche in denaro, il cui valore globale supera i 60mila euro. Le gare di Dronero saranno in realt\u00e0 due. Prima delle vetture moderne, infatti, il pubblico vedr\u00e0 lo scorrere delle veterane, in gara nel 11\u00b0 \u201crally storico del Cuneese\u201d, una competizione a s\u00e9 dedicata ad automobili da rally costruite entro il 1989. Una delle chicche dell\u2019edizione 2018 sar\u00e0, poi, la partecipazione straordinaria della citt\u00e0 di Saluzzo, che ne ospiter\u00e0 un allegro preludio.\u00a0 Il Valli Cuneesi \u201cMemorial Johnny Cornaglia\u201d continuer\u00e0 a svolgersi sulle consuete strade occitane della Granda, con l&#8217;effettuazione di 3 tratti cronometrati per un totale di 7 prove speciali. In cifre, 86 km cronometrati su un percorso totale di 400 circa. I tratti competitivi 2018: Montemale (km 11,5) da ripetere tre volte, Valmala (circa 20 km) e Brondello (7 km), ognuna da effettuare due volte. Invece, a riposo per un anno, una \u201cclassica\u201d della gara, la Madonna del Colletto.<\/p>\n<p>Verifiche e test preliminari venerd\u00ec 27 aprile. Nella stessa serata, grande novit\u00e0, la passerella non competitiva nella bellissima Saluzzo: una \u201cescursione\u201d che avviciner\u00e0 la carovana del rally ai territori attraversati, vetrina promozionale e nello stesso tempo grande festa di piazza. L\u2019iniziativa, in programma dal tramonto di venerd\u00ec 27 aprile, sar\u00e0 una finestra non competitiva ideata dall\u2019organizzazione con la piena collaborazione delle autorit\u00e0 cittadine per avvicinare il grande pubblico alla disciplina dei rally. Avr\u00e0 luogo nel cuore del centro storico, all\u2019ombra del monumento a Silvio Pellico (in piazza Liderico Vineis): uno dei salotti cittadini, che, reso pedonale per l\u2019occasione, si aprir\u00e0 alle vetture storiche e moderne, da esposizione in assetto statico, e pure da gara.<\/p>\n<p>Qui infatti confluir\u00e0, a partire dalle 19,30 circa, una selezione di equipaggi partiti un\u2019oretta prima, a un minuto l\u2019uno dall\u2019altro, da Dronero, situata circa 30 km pi\u00f9 a sud. Ad accoglierli, la festa, un rinfresco, musica, un palco appositamente allestito, con la possibilit\u00e0 per il pubblico di avvicinare direttamente i piloti e le macchine. Ognuno dei concorrenti si fermer\u00e0 una mezzora. Poi via di nuovo verso Dronero, per il riordino notturno (ingresso della prima vettura ore 20,51). Nel rientro al quartier generale la carovana toccher\u00e0 Brondello transitando sulla prova speciale che le vetture\u00a0 affronteranno la mattina seguente.<\/p>\n<p>Il vero e proprio start agonistico sar\u00e0 infatti il sabato 28 (partenza alle 7.30), con la serie di prove speciali e arrivo verso le 19, sempre a Dronero. Assistenza nella collaudata area di Villar San Costanzo, riordini a Dronero e Rossana.<\/p>\n<p>Nel 2017 vinse l&#8217;equipaggio cuneese formato da Alessandro Gino e Marco Ravera su Ford Fiesta Wrc.<\/p>\n","protected":false},"excerpt":{"rendered":"","protected":false},"author":10,"featured_media":4211,"comment_status":"open","ping_status":"closed","sticky":false,"template":"","format":"standard","meta":[],"categories":[10],"tags":[],"news-destination":[],"news-source":[],"is_homepage":[],"ta_other":[],"_links":{"self":[{"href":"https:\/\/www.ilmercoledi.news\/ilmercoledi\/news\/wp-json\/wp\/v2\/posts\/4210"}],"collection":[{"href":"https:\/\/www.ilmercoledi.news\/ilmercoledi\/news\/wp-json\/wp\/v2\/posts"}],"about":[{"href":"https:\/\/www.ilmercoledi.news\/ilmercoledi\/news\/wp-json\/wp\/v2\/types\/post"}],"author":[{"embeddable":true,"href":"https:\/\/www.ilmercoledi.news\/ilmercoledi\/news\/wp-json\/wp\/v2\/users\/10"}],"replies":[{"embeddable":true,"href":"https:\/\/www.ilmercoledi.news\/ilmercoledi\/news\/wp-json\/wp\/v2\/comments?post=4210"}],"version-history":[{"count":1,"href":"https:\/\/www.ilmercoledi.news\/ilmercoledi\/news\/wp-json\/wp\/v2\/posts\/4210\/revisions"}],"predecessor-version":[{"id":4212,"href":"https:\/\/www.ilmercoledi.news\/ilmercoledi\/news\/wp-json\/wp\/v2\/posts\/4210\/revisions\/4212"}],"wp:featuredmedia":[{"embeddable":true,"href":"https:\/\/www.ilmercoledi.news\/ilmercoledi\/news\/wp-json\/wp\/v2\/media\/4211"}],"wp:attachment":[{"href":"https:\/\/www.ilmercoledi.news\/ilmercoledi\/news\/wp-json\/wp\/v2\/media?parent=4210"}],"wp:term":[{"taxonomy":"category","embeddable":true,"href":"https:\/\/www.ilmercoledi.news\/ilmercoledi\/news\/wp-json\/wp\/v2\/categories?post=4210"},{"taxonomy":"post_tag","embeddable":true,"href":"https:\/\/www.ilmercoledi.news\/ilmercoledi\/news\/wp-json\/wp\/v2\/tags?post=4210"},{"taxonomy":"news-destination","embeddable":true,"href":"https:\/\/www.ilmercoledi.news\/ilmercoledi\/news\/wp-json\/wp\/v2\/news-destination?post=4210"},{"taxonomy":"news-source","embeddable":true,"href":"https:\/\/www.ilmercoledi.news\/ilmercoledi\/news\/wp-json\/wp\/v2\/news-source?post=4210"},{"taxonomy":"is_homepage","embeddable":true,"href":"https:\/\/www.ilmercoledi.news\/ilmercoledi\/news\/wp-json\/wp\/v2\/is_homepage?post=4210"},{"taxonomy":"ta_other","embeddable":true,"href":"https:\/\/www.ilmercoledi.news\/ilmercoledi\/news\/wp-json\/wp\/v2\/ta_other?post=4210"}],"curies":[{"name":"wp","href":"https:\/\/api.w.org\/{rel}","templated":true}]}}