{"id":4223,"date":"2018-03-26T15:35:05","date_gmt":"2018-03-26T13:35:05","guid":{"rendered":"http:\/\/euwps02.tecnavia.com\/ilmercoledi\/news\/?p=4223"},"modified":"2018-03-26T15:39:59","modified_gmt":"2018-03-26T13:39:59","slug":"nichelino-un-girotondo-la-giornata-lautismo","status":"publish","type":"post","link":"https:\/\/www.ilmercoledi.news\/2018\/03\/26\/nichelino-un-girotondo-la-giornata-lautismo\/","title":{"rendered":"NICHELINO &#8211; Un girotondo per la giornata sull&#8217;autismo"},"content":{"rendered":"<p>Mattinata di girotondi con gli studenti della scuola Walt Disney per promuovere la Giornata Mondiale sull&#8217;autismo del 2 aprile. Alle 10.30 gli studenti della scuola hanno riempito piazza Di Vittorio con striscioni, fatti da loro e poi lasciati in piazza, per promuovere la consapevolezza sull&#8217;autismo. Hanno partecipato a brevi flash mob, fatti con girotondi, anche il sindaco della Citt\u00e0 di\u00a0#Nichelino\u00a0Giampiero Tolardo, il presidente del consiglio comunale Franco Ripani, l&#8217;assessore alle Politiche giovanili Fiodor Verzola, il dirigente della scuola Sergio Arduino, le maestre e il presidente dell&#8217;associazione &#8220;Il Raggio di Sole&#8221; Antonio Nasto. Tornati a scuola, i bambini hanno esposto magliette con tematiche sull&#8217;autismo. Da questa settimana un raggio azzurro illuminer\u00e0 di notte il municipio. L&#8217;iniziativa culminer\u00e0 poi nella giornata del 2 aprile quando verr\u00e0 illuminata di azzurro la Palazzina di Stupinigi, e lo stesso accadr\u00e0 ai principali monumenti mondiali.n girotondo pe<\/p>\n","protected":false},"excerpt":{"rendered":"","protected":false},"author":11,"featured_media":4224,"comment_status":"open","ping_status":"closed","sticky":false,"template":"","format":"standard","meta":[],"categories":[34],"tags":[],"news-destination":[],"news-source":[],"is_homepage":[],"ta_other":[],"_links":{"self":[{"href":"https:\/\/www.ilmercoledi.news\/ilmercoledi\/news\/wp-json\/wp\/v2\/posts\/4223"}],"collection":[{"href":"https:\/\/www.ilmercoledi.news\/ilmercoledi\/news\/wp-json\/wp\/v2\/posts"}],"about":[{"href":"https:\/\/www.ilmercoledi.news\/ilmercoledi\/news\/wp-json\/wp\/v2\/types\/post"}],"author":[{"embeddable":true,"href":"https:\/\/www.ilmercoledi.news\/ilmercoledi\/news\/wp-json\/wp\/v2\/users\/11"}],"replies":[{"embeddable":true,"href":"https:\/\/www.ilmercoledi.news\/ilmercoledi\/news\/wp-json\/wp\/v2\/comments?post=4223"}],"version-history":[{"count":2,"href":"https:\/\/www.ilmercoledi.news\/ilmercoledi\/news\/wp-json\/wp\/v2\/posts\/4223\/revisions"}],"predecessor-version":[{"id":4228,"href":"https:\/\/www.ilmercoledi.news\/ilmercoledi\/news\/wp-json\/wp\/v2\/posts\/4223\/revisions\/4228"}],"wp:featuredmedia":[{"embeddable":true,"href":"https:\/\/www.ilmercoledi.news\/ilmercoledi\/news\/wp-json\/wp\/v2\/media\/4224"}],"wp:attachment":[{"href":"https:\/\/www.ilmercoledi.news\/ilmercoledi\/news\/wp-json\/wp\/v2\/media?parent=4223"}],"wp:term":[{"taxonomy":"category","embeddable":true,"href":"https:\/\/www.ilmercoledi.news\/ilmercoledi\/news\/wp-json\/wp\/v2\/categories?post=4223"},{"taxonomy":"post_tag","embeddable":true,"href":"https:\/\/www.ilmercoledi.news\/ilmercoledi\/news\/wp-json\/wp\/v2\/tags?post=4223"},{"taxonomy":"news-destination","embeddable":true,"href":"https:\/\/www.ilmercoledi.news\/ilmercoledi\/news\/wp-json\/wp\/v2\/news-destination?post=4223"},{"taxonomy":"news-source","embeddable":true,"href":"https:\/\/www.ilmercoledi.news\/ilmercoledi\/news\/wp-json\/wp\/v2\/news-source?post=4223"},{"taxonomy":"is_homepage","embeddable":true,"href":"https:\/\/www.ilmercoledi.news\/ilmercoledi\/news\/wp-json\/wp\/v2\/is_homepage?post=4223"},{"taxonomy":"ta_other","embeddable":true,"href":"https:\/\/www.ilmercoledi.news\/ilmercoledi\/news\/wp-json\/wp\/v2\/ta_other?post=4223"}],"curies":[{"name":"wp","href":"https:\/\/api.w.org\/{rel}","templated":true}]}}