{"id":42327,"date":"2021-08-12T07:32:03","date_gmt":"2021-08-12T05:32:03","guid":{"rendered":"https:\/\/euwps02.newsmemory.com\/ilmercoledi\/news\/?p=42327"},"modified":"2021-08-12T07:47:49","modified_gmt":"2021-08-12T05:47:49","slug":"nichelino-pubblicato-il-modulo-per-chi-vorra-fare-lo-scrutatore-alle-prossime-elezioni-di-ottobre","status":"publish","type":"post","link":"https:\/\/www.ilmercoledi.news\/2021\/08\/12\/nichelino-pubblicato-il-modulo-per-chi-vorra-fare-lo-scrutatore-alle-prossime-elezioni-di-ottobre\/","title":{"rendered":"NICHELINO &#8211; Pubblicato il modulo per chi vorr\u00e0 fare lo scrutatore alle prossime elezioni di ottobre"},"content":{"rendered":"<p>A Nichelino \u00e8 stato pubblicato il modello di comunicazione di disponibilit\u00e0 per l\u2019esercizio alla funzione di scrutatore presso i seggi elettorali comunali in occasione delle prossime amministrative del 3 e 4 ottobre. La possibilit\u00e0 di presentazione del modulo scade il 27 agosto.<\/p>\n<p>Modalit\u00e0 di presentazione:<\/p>\n<ul>\n<li>Compilazione online tramite il sito web comunale;<\/li>\n<li>Invio a mezzo pec all\u2019indirizzo \u201cprotocollo@cert.comune.nichelino.to.it\u201c;<\/li>\n<li>Consegna a mano presso Ufficio Protocollo P.zza Di Vittorio n. 1 P. Terra<\/li>\n<\/ul>\n<ul>\n<li style=\"list-style-type: none\">\n<ul>\n<li>dal luned\u00ec al venerd\u00ec dalle ore 08,30 alle ore 12,15.<\/li>\n<li>marted\u00ec e gioved\u00ec anche pomeriggio dalle ore 14,00 alle ore 15,30.<\/li>\n<\/ul>\n<\/li>\n<\/ul>\n<p>Per eventuali informazioni contattare l\u2019Ufficio Elettorale al seguente numero tel. 011\/6819369.<\/p>\n","protected":false},"excerpt":{"rendered":"","protected":false},"author":11,"featured_media":2888,"comment_status":"open","ping_status":"closed","sticky":false,"template":"","format":"standard","meta":[],"categories":[34],"tags":[],"news-destination":[],"news-source":[],"is_homepage":[],"ta_other":[],"_links":{"self":[{"href":"https:\/\/www.ilmercoledi.news\/ilmercoledi\/news\/wp-json\/wp\/v2\/posts\/42327"}],"collection":[{"href":"https:\/\/www.ilmercoledi.news\/ilmercoledi\/news\/wp-json\/wp\/v2\/posts"}],"about":[{"href":"https:\/\/www.ilmercoledi.news\/ilmercoledi\/news\/wp-json\/wp\/v2\/types\/post"}],"author":[{"embeddable":true,"href":"https:\/\/www.ilmercoledi.news\/ilmercoledi\/news\/wp-json\/wp\/v2\/users\/11"}],"replies":[{"embeddable":true,"href":"https:\/\/www.ilmercoledi.news\/ilmercoledi\/news\/wp-json\/wp\/v2\/comments?post=42327"}],"version-history":[{"count":1,"href":"https:\/\/www.ilmercoledi.news\/ilmercoledi\/news\/wp-json\/wp\/v2\/posts\/42327\/revisions"}],"predecessor-version":[{"id":42329,"href":"https:\/\/www.ilmercoledi.news\/ilmercoledi\/news\/wp-json\/wp\/v2\/posts\/42327\/revisions\/42329"}],"wp:featuredmedia":[{"embeddable":true,"href":"https:\/\/www.ilmercoledi.news\/ilmercoledi\/news\/wp-json\/wp\/v2\/media\/2888"}],"wp:attachment":[{"href":"https:\/\/www.ilmercoledi.news\/ilmercoledi\/news\/wp-json\/wp\/v2\/media?parent=42327"}],"wp:term":[{"taxonomy":"category","embeddable":true,"href":"https:\/\/www.ilmercoledi.news\/ilmercoledi\/news\/wp-json\/wp\/v2\/categories?post=42327"},{"taxonomy":"post_tag","embeddable":true,"href":"https:\/\/www.ilmercoledi.news\/ilmercoledi\/news\/wp-json\/wp\/v2\/tags?post=42327"},{"taxonomy":"news-destination","embeddable":true,"href":"https:\/\/www.ilmercoledi.news\/ilmercoledi\/news\/wp-json\/wp\/v2\/news-destination?post=42327"},{"taxonomy":"news-source","embeddable":true,"href":"https:\/\/www.ilmercoledi.news\/ilmercoledi\/news\/wp-json\/wp\/v2\/news-source?post=42327"},{"taxonomy":"is_homepage","embeddable":true,"href":"https:\/\/www.ilmercoledi.news\/ilmercoledi\/news\/wp-json\/wp\/v2\/is_homepage?post=42327"},{"taxonomy":"ta_other","embeddable":true,"href":"https:\/\/www.ilmercoledi.news\/ilmercoledi\/news\/wp-json\/wp\/v2\/ta_other?post=42327"}],"curies":[{"name":"wp","href":"https:\/\/api.w.org\/{rel}","templated":true}]}}